{"id":55805,"date":"2022-08-31T09:57:53","date_gmt":"2022-08-31T07:57:53","guid":{"rendered":"https:\/\/www.spring-reiter.de\/?p=55805"},"modified":"2022-08-31T09:57:59","modified_gmt":"2022-08-31T07:57:59","slug":"hkm-bundeschampionate-es-geht-los","status":"publish","type":"post","link":"https:\/\/www.spring-reiter.de\/index.php\/2022\/08\/31\/hkm-bundeschampionate-es-geht-los\/","title":{"rendered":"HKM Bundeschampionate: Es geht los!"},"content":{"rendered":"\n<p><strong>Endlich! Mittwoch, 31. August, um 8.30 Uhr geht es los mit den f\u00fcnfj\u00e4hrigen Dressurpferden bei den HKM Bundeschampionaten 2022. Auf dem Reitpferdeplatz betritt das erste Pferd um 12 Uhr die Bahn. Hier steht als erster Programmpunkt die Reitpferdepr\u00fcfung f\u00fcr vierj\u00e4hrige Stuten und Wallache bevor.<\/strong><\/p>\n\n\n\n<p>Auf dem Springplatz beginnt die erste Pr\u00fcfung um 11 Uhr, vorher besteht eine Trainingsm\u00f6glichkeit f\u00fcr die Reiter und Reiterinnen auf dem gro\u00dfen Springplatz. Ab 11 Uhr ist dann auch Felix Flinzer mit seiner sechsj\u00e4hrigen Stute Indian Summer K am Start. Er ist in einer Doppelrolle bei dieser Veranstaltung dabei: Als Mitarbeiter im Veranstaltungsb\u00fcro, in dem er seit Monaten die HKM Bundeschampionate mit plant, organisiert und vorbereitet und als Teilnehmer mit zwei Springpferden, die er selbst ausgebildet hat und von denen eines aus eigener Zucht stammt.<\/p>\n\n\n\n<p>Die 29. Auflage Deutschlands gr\u00f6\u00dfter Zuchtveranstaltung lockt vom 31. August bis 4. September Reiter, Z\u00fcchter, Pferdebesitzer und das pferdegeisterte Publikum nach Warendorf. Tickets, die ersten Starterlisten und weitere Informationen gibt es unter <a href=\"https:\/\/www.pferd-aktuell.de\/spitzensport\/bundeschampionate\" target=\"_blank\" rel=\"noreferrer noopener\">www.hkm-bundeschampionate.de<\/a>.<\/p>\n","protected":false},"excerpt":{"rendered":"<p>Endlich! Mittwoch, 31. August, um 8.30 Uhr geht es los mit den f\u00fcnfj\u00e4hrigen Dressurpferden bei den HKM Bundeschampionaten 2022. Auf dem Reitpferdeplatz betritt das erste Pferd um 12 Uhr die Bahn. Hier steht als erster Programmpunkt die Reitpferdepr\u00fcfung f\u00fcr vierj\u00e4hrige Stuten und Wallache bevor. Auf dem Springplatz beginnt die erste &hellip; <a class=\"kt-excerpt-readmore\" href=\"https:\/\/www.spring-reiter.de\/index.php\/2022\/08\/31\/hkm-bundeschampionate-es-geht-los\/\" aria-label=\"HKM Bundeschampionate: Es geht los!\">Weiterlesen<\/a><\/p>\n","protected":false},"author":2,"featured_media":6552,"comment_status":"closed","ping_status":"open","sticky":false,"template":"","format":"standard","meta":{"footnotes":""},"categories":[1],"tags":[],"class_list":["post-55805","post","type-post","status-publish","format-standard","has-post-thumbnail","hentry","category-allgemein"],"translation":{"provider":"WPGlobus","version":"3.0.2","language":"de","enabled_languages":["de","en"],"languages":{"de":{"title":true,"content":true,"excerpt":false},"en":{"title":false,"content":false,"excerpt":false}}},"_links":{"self":[{"href":"https:\/\/www.spring-reiter.de\/index.php\/wp-json\/wp\/v2\/posts\/55805","targetHints":{"allow":["GET"]}}],"collection":[{"href":"https:\/\/www.spring-reiter.de\/index.php\/wp-json\/wp\/v2\/posts"}],"about":[{"href":"https:\/\/www.spring-reiter.de\/index.php\/wp-json\/wp\/v2\/types\/post"}],"author":[{"embeddable":true,"href":"https:\/\/www.spring-reiter.de\/index.php\/wp-json\/wp\/v2\/users\/2"}],"replies":[{"embeddable":true,"href":"https:\/\/www.spring-reiter.de\/index.php\/wp-json\/wp\/v2\/comments?post=55805"}],"version-history":[{"count":0,"href":"https:\/\/www.spring-reiter.de\/index.php\/wp-json\/wp\/v2\/posts\/55805\/revisions"}],"wp:featuredmedia":[{"embeddable":true,"href":"https:\/\/www.spring-reiter.de\/index.php\/wp-json\/wp\/v2\/media\/6552"}],"wp:attachment":[{"href":"https:\/\/www.spring-reiter.de\/index.php\/wp-json\/wp\/v2\/media?parent=55805"}],"wp:term":[{"taxonomy":"category","embeddable":true,"href":"https:\/\/www.spring-reiter.de\/index.php\/wp-json\/wp\/v2\/categories?post=55805"},{"taxonomy":"post_tag","embeddable":true,"href":"https:\/\/www.spring-reiter.de\/index.php\/wp-json\/wp\/v2\/tags?post=55805"}],"curies":[{"name":"wp","href":"https:\/\/api.w.org\/{rel}","templated":true}]}}