{"id":56201,"date":"2022-09-11T14:23:48","date_gmt":"2022-09-11T12:23:48","guid":{"rendered":"https:\/\/www.spring-reiter.de\/?p=56201"},"modified":"2022-09-11T17:31:10","modified_gmt":"2022-09-11T15:31:10","slug":"vertauensbildende-massnahme-europameisterin-dsp-chakaria-am-start-in-muehlengeez","status":"publish","type":"post","link":"https:\/\/www.spring-reiter.de\/index.php\/2022\/09\/11\/vertauensbildende-massnahme-europameisterin-dsp-chakaria-am-start-in-muehlengeez\/","title":{"rendered":"Vertauensbildende Ma\u00dfnahme: Europameisterin DSP Chakaria am Start in M\u00fchlengeez"},"content":{"rendered":"\n<p>Nach der Weltmeisterschaft in Herning ist vor dem Nationenpreisfinale in Barcelona Anfang Oktober: Nach seinem \u00fcberraschenden Sturz von seiner Ausnahme-Stute DSP Chakaria mitten im Parcours bei der WM im d\u00e4nischen Herning baut Europameister Andr\u00e9 Thieme mit der  Chap-Tochter auf dem l\u00e4ndlichen Turnier in M\u00fchlengeez (Mecklenburg-Vorpommern) an diesem Wochenende das Vertrauen wieder auf. <\/p>\n\n\n\n<p>Am Samstag startete Thieme seine Chakaria in einem kleinen S-Zeit-Springen im Preis der Bauer Fruchtsaft GmbH.  Der Mecklenburger ging es betont ruhig an, drehte eine behutsame Runde und war augrund der Zeit nicht platziert. Eine Schleife war hier auch nicht der Plan. In ein paar Wochen steht f\u00fcr Andr\u00e9 Thieme und seine DSP Chakaria das Nationenpreisfinale in Barcelona auf dem Programm. Und da setzt der Bundestrainer Otto Becker auf sein Erfolgs-Duo. Im letzten Jahr leisteten sich die beiden in Barcelona keinen Abwurf. Daumen dr\u00fccken, dass ihnen das auch in diesem Jahr gelingt. <\/p>\n","protected":false},"excerpt":{"rendered":"<p>Nach der Weltmeisterschaft in Herning ist vor dem Nationenpreisfinale in Barcelona Anfang Oktober: Nach seinem \u00fcberraschenden Sturz von seiner Ausnahme-Stute DSP Chakaria mitten im Parcours bei der WM im d\u00e4nischen Herning baut Europameister Andr\u00e9 Thieme mit der Chap-Tochter auf dem l\u00e4ndlichen Turnier in M\u00fchlengeez (Mecklenburg-Vorpommern) an diesem Wochenende das Vertrauen &hellip; <a class=\"kt-excerpt-readmore\" href=\"https:\/\/www.spring-reiter.de\/index.php\/2022\/09\/11\/vertauensbildende-massnahme-europameisterin-dsp-chakaria-am-start-in-muehlengeez\/\" aria-label=\"Vertauensbildende Ma\u00dfnahme: Europameisterin DSP Chakaria am Start in M\u00fchlengeez\">Weiterlesen<\/a><\/p>\n","protected":false},"author":2,"featured_media":56213,"comment_status":"closed","ping_status":"open","sticky":false,"template":"","format":"standard","meta":{"footnotes":""},"categories":[1],"tags":[],"class_list":["post-56201","post","type-post","status-publish","format-standard","has-post-thumbnail","hentry","category-allgemein"],"translation":{"provider":"WPGlobus","version":"3.0.2","language":"de","enabled_languages":["de","en"],"languages":{"de":{"title":true,"content":true,"excerpt":false},"en":{"title":false,"content":false,"excerpt":false}}},"_links":{"self":[{"href":"https:\/\/www.spring-reiter.de\/index.php\/wp-json\/wp\/v2\/posts\/56201","targetHints":{"allow":["GET"]}}],"collection":[{"href":"https:\/\/www.spring-reiter.de\/index.php\/wp-json\/wp\/v2\/posts"}],"about":[{"href":"https:\/\/www.spring-reiter.de\/index.php\/wp-json\/wp\/v2\/types\/post"}],"author":[{"embeddable":true,"href":"https:\/\/www.spring-reiter.de\/index.php\/wp-json\/wp\/v2\/users\/2"}],"replies":[{"embeddable":true,"href":"https:\/\/www.spring-reiter.de\/index.php\/wp-json\/wp\/v2\/comments?post=56201"}],"version-history":[{"count":0,"href":"https:\/\/www.spring-reiter.de\/index.php\/wp-json\/wp\/v2\/posts\/56201\/revisions"}],"wp:featuredmedia":[{"embeddable":true,"href":"https:\/\/www.spring-reiter.de\/index.php\/wp-json\/wp\/v2\/media\/56213"}],"wp:attachment":[{"href":"https:\/\/www.spring-reiter.de\/index.php\/wp-json\/wp\/v2\/media?parent=56201"}],"wp:term":[{"taxonomy":"category","embeddable":true,"href":"https:\/\/www.spring-reiter.de\/index.php\/wp-json\/wp\/v2\/categories?post=56201"},{"taxonomy":"post_tag","embeddable":true,"href":"https:\/\/www.spring-reiter.de\/index.php\/wp-json\/wp\/v2\/tags?post=56201"}],"curies":[{"name":"wp","href":"https:\/\/api.w.org\/{rel}","templated":true}]}}