{"id":56262,"date":"2022-09-13T18:28:20","date_gmt":"2022-09-13T16:28:20","guid":{"rendered":"https:\/\/www.spring-reiter.de\/?p=56262"},"modified":"2022-09-13T18:28:26","modified_gmt":"2022-09-13T16:28:26","slug":"trainingsbeginn-der-herbst-kollektion-bei-den-oldenburgern-in-vechta","status":"publish","type":"post","link":"https:\/\/www.spring-reiter.de\/index.php\/2022\/09\/13\/trainingsbeginn-der-herbst-kollektion-bei-den-oldenburgern-in-vechta\/","title":{"rendered":"Trainingsbeginn der Herbst-Kollektion bei den Oldenburgern in Vechta"},"content":{"rendered":"\n<p>Sind Sie auf der Suche nach Ihrem neunen Sportpartner? Dann kommen Sie nach Vechta und lassen Sie sich von einer ausgezeichneten Auktionskollektion verzaubern. Die Auktionspferde haben ihre Boxen im Oldenburger Pferde Zentrum Vechta bezogen. Das Training hat begonnen und die Pferde stehen ab Mittwoch, 14. September, zum Ausprobieren bereit. Vereinbaren Sie einen Termin mit unserem Team, um Ihren Liebling pers\u00f6nlich kennenzulernen.<\/p>\n\n\n\n<p>\u00dcber 40 qualit\u00e4tsvolle Reitpferde f\u00fcr den Dressur- und Springsport werden sich auf der 97. Herbst Elite-Auktion am 1. Oktober pr\u00e4sentieren. Vom dreij\u00e4hrigen Youngster bis hin zum sporterfolgreichen Nachwuchstalent f\u00fcr den sofortigen Turniereinsatz, bleiben in dieser Kollektion keine W\u00fcnsche offen. Sie haben die M\u00f6glichkeit live vor Ort, online auf <a href=\"http:\/\/www.oldenburger-auction.com\">www.oldenburger-auction.com<\/a> oder am Telefon auf Ihren Favoriten zu bieten.<br><br><\/p>\n\n\n\n<p>Kommen Sie nach Vechta, um sich Ihren pers\u00f6nlichen Nachwuchsstar zu sichern. Noch bis zum 30. September haben Sie die M\u00f6glichkeit Ihren Favoriten im Training zu beobachten und zu begleiten sowie auszuprobieren. Bitte nehmen Sie hierf\u00fcr Kontakt mit unserem Beratungs- und Kundenserviceteam auf.<br><br>Am Freitag, 30. September um 19.00 Uhr, pr\u00e4sentieren sich die Sporteliten in einer gro\u00dfen Abendschau.<\/p>\n\n\n\n<p>Einen \u00dcberblick \u00fcber die gesamte Kollektion finden Sie hier: <a href=\"https:\/\/auktion.oldenburger-pferde.com\/de\/objekte\/au-25\/97_herbst_elite-auktion_2022?Lstatus=1&amp;pagesize=96&amp;oldpagesize=24\">https:\/\/auktion.oldenburger-pferde.com\/de\/objekte\/au-25\/97_herbst_elite-auktion_2022?Lstatus=1&amp;pagesize=96&amp;oldpagesize=24<\/a><\/p>\n\n\n\n<p><strong>Beratung und Kundenservice:<\/strong><\/p>\n\n\n\n<p><strong>Auktionsleitung:<\/strong><\/p>\n\n\n\n<p>Roland Metz: +49 171 4364651 oder <a href=\"mailto:metz.roland@oldenburger-pferde.com\">metz.roland@oldenburger-pferde.com<\/a><\/p>\n\n\n\n<p><strong>Dressurpferde:<\/strong><\/p>\n\n\n\n<p>Thomas Rhinow: +49(0)172-9748487 oder <a href=\"mailto:rhinow.thomas@oldenburger-pferde.com\">rhinow.thomas@oldenburger-pferde.com<\/a><\/p>\n\n\n\n<p>Daniel Pophanken: +49(0)175-2930926 oder <a href=\"mailto:pophanken.daniel@oldenburger-pferde.com\">pophanken.daniel@oldenburger-pferde.com<\/a><\/p>\n\n\n\n<p><strong>Springpferde:<\/strong><\/p>\n\n\n\n<p>Philip B\u00f6lle: +49(0)171-1893792 oder <a href=\"mailto:boelle.philip@oldenburger-pferde.com\">boelle.philip@oldenburger-pferde.com<\/a><\/p>\n\n\n\n<p>Benjamin Stratmann: +49(0)151-54408395 oder <a href=\"mailto:stratmann.benjamin@oldenburger-pferde.com\">stratmann.benjamin@oldenburger-pferde.com<\/a><\/p>\n\n\n\n<p><strong>Informationen\/Katalogbestellungen:<\/strong><\/p>\n\n\n\n<p>Elisabeth Gerberding: +49(0)4441-935512 oder <a href=\"mailto:gerberding.elisabeth@oldenburger-pferde.com\">gerberding.elisabeth@oldenburger-pferde.com<\/a><\/p>\n\n\n\n<p>Heike Arends: +49(0)4441-935531 oder <a href=\"mailto:arends.heike@oldenburger-pferde.com\">arends.heike@oldenburger-pferde.com<\/a><\/p>\n","protected":false},"excerpt":{"rendered":"<p>Sind Sie auf der Suche nach Ihrem neunen Sportpartner? Dann kommen Sie nach Vechta und lassen Sie sich von einer ausgezeichneten Auktionskollektion verzaubern. Die Auktionspferde haben ihre Boxen im Oldenburger Pferde Zentrum Vechta bezogen. Das Training hat begonnen und die Pferde stehen ab Mittwoch, 14. September, zum Ausprobieren bereit. Vereinbaren &hellip; <a class=\"kt-excerpt-readmore\" href=\"https:\/\/www.spring-reiter.de\/index.php\/2022\/09\/13\/trainingsbeginn-der-herbst-kollektion-bei-den-oldenburgern-in-vechta\/\" aria-label=\"Trainingsbeginn der Herbst-Kollektion bei den Oldenburgern in Vechta\">Weiterlesen<\/a><\/p>\n","protected":false},"author":3,"featured_media":56263,"comment_status":"closed","ping_status":"open","sticky":false,"template":"","format":"standard","meta":{"footnotes":""},"categories":[1],"tags":[],"class_list":["post-56262","post","type-post","status-publish","format-standard","has-post-thumbnail","hentry","category-allgemein"],"translation":{"provider":"WPGlobus","version":"3.0.2","language":"de","enabled_languages":["de","en"],"languages":{"de":{"title":true,"content":true,"excerpt":false},"en":{"title":false,"content":false,"excerpt":false}}},"_links":{"self":[{"href":"https:\/\/www.spring-reiter.de\/index.php\/wp-json\/wp\/v2\/posts\/56262","targetHints":{"allow":["GET"]}}],"collection":[{"href":"https:\/\/www.spring-reiter.de\/index.php\/wp-json\/wp\/v2\/posts"}],"about":[{"href":"https:\/\/www.spring-reiter.de\/index.php\/wp-json\/wp\/v2\/types\/post"}],"author":[{"embeddable":true,"href":"https:\/\/www.spring-reiter.de\/index.php\/wp-json\/wp\/v2\/users\/3"}],"replies":[{"embeddable":true,"href":"https:\/\/www.spring-reiter.de\/index.php\/wp-json\/wp\/v2\/comments?post=56262"}],"version-history":[{"count":0,"href":"https:\/\/www.spring-reiter.de\/index.php\/wp-json\/wp\/v2\/posts\/56262\/revisions"}],"wp:featuredmedia":[{"embeddable":true,"href":"https:\/\/www.spring-reiter.de\/index.php\/wp-json\/wp\/v2\/media\/56263"}],"wp:attachment":[{"href":"https:\/\/www.spring-reiter.de\/index.php\/wp-json\/wp\/v2\/media?parent=56262"}],"wp:term":[{"taxonomy":"category","embeddable":true,"href":"https:\/\/www.spring-reiter.de\/index.php\/wp-json\/wp\/v2\/categories?post=56262"},{"taxonomy":"post_tag","embeddable":true,"href":"https:\/\/www.spring-reiter.de\/index.php\/wp-json\/wp\/v2\/tags?post=56262"}],"curies":[{"name":"wp","href":"https:\/\/api.w.org\/{rel}","templated":true}]}}