{"id":57413,"date":"2022-10-25T09:11:47","date_gmt":"2022-10-25T07:11:47","guid":{"rendered":"https:\/\/www.spring-reiter.de\/?p=57413"},"modified":"2022-10-25T09:11:51","modified_gmt":"2022-10-25T07:11:51","slug":"sichern-sie-sich-ihr-nachwuchstalent-holsteins-originale-hybrid-auktion-am-01-november","status":"publish","type":"post","link":"https:\/\/www.spring-reiter.de\/index.php\/2022\/10\/25\/sichern-sie-sich-ihr-nachwuchstalent-holsteins-originale-hybrid-auktion-am-01-november\/","title":{"rendered":"Sichern Sie sich Ihr Nachwuchstalent &#8211; Holsteins Originale Hybrid-Auktion am 01. November"},"content":{"rendered":"\n<p>Voller Vorfreude und Motivation laufen die finalen Vorbereitungen f\u00fcr unsere am 01. November erstmalig stattfindende ,,Holsteins Originale Hybrid-Auktion\u201c.<\/p>\n\n\n\n<p>In nunmehr weniger als 10 Tagen ist es soweit! Angefangen wird am Dienstag, den 01. November um 16:00 Uhr mit einer letzten Pr\u00e4sentation aller Pferde, bevor sp\u00e4ter ab 19:00 Uhr der Hammer f\u00e4llt und die Auktion beginnt. Um Ihnen unsere Auktionspferde nochmals n\u00e4her zu bringen, laden wir sie zudem am Samstag, den 29. Oktober um 14:00 Uhr recht herzlich auf die Anlage von Wulf-Hinrich Hamann in Ammersbek ein und pr\u00e4sentieren die Auktionspferde altersentsprechend im Freispringen und unter dem Reiter.<\/p>\n\n\n\n<p>Wir hoffen Ihr Interesse geweckt zu haben und das f\u00fcr Sie passende Nachwuchstalent in unserer Kollektion dabei zu haben.<\/p>\n\n\n\n<p>F\u00fcr eine pers\u00f6nliche Einsch\u00e4tzung sowie einen Termin zum Ausprobieren der Auktionspferde sprechen Sie uns gerne jederzeit an!<\/p>\n\n\n\n<p>Kontaktdaten und weitere Informationen finden sie unter holsteins-originale.de.<\/p>\n\n\n\n<p>Hier der Link zu unserer Kollektion: auction.holsteins-originale.de.<\/p>\n","protected":false},"excerpt":{"rendered":"<p>Voller Vorfreude und Motivation laufen die finalen Vorbereitungen f\u00fcr unsere am 01. November erstmalig stattfindende ,,Holsteins Originale Hybrid-Auktion\u201c. In nunmehr weniger als 10 Tagen ist es soweit! Angefangen wird am Dienstag, den 01. November um 16:00 Uhr mit einer letzten Pr\u00e4sentation aller Pferde, bevor sp\u00e4ter ab 19:00 Uhr der Hammer &hellip; <a class=\"kt-excerpt-readmore\" href=\"https:\/\/www.spring-reiter.de\/index.php\/2022\/10\/25\/sichern-sie-sich-ihr-nachwuchstalent-holsteins-originale-hybrid-auktion-am-01-november\/\" aria-label=\"Sichern Sie sich Ihr Nachwuchstalent &#8211; Holsteins Originale Hybrid-Auktion am 01. November\">Weiterlesen<\/a><\/p>\n","protected":false},"author":2,"featured_media":57415,"comment_status":"closed","ping_status":"open","sticky":false,"template":"","format":"standard","meta":{"footnotes":""},"categories":[1],"tags":[],"class_list":["post-57413","post","type-post","status-publish","format-standard","has-post-thumbnail","hentry","category-allgemein"],"translation":{"provider":"WPGlobus","version":"3.0.2","language":"de","enabled_languages":["de","en"],"languages":{"de":{"title":true,"content":true,"excerpt":false},"en":{"title":false,"content":false,"excerpt":false}}},"_links":{"self":[{"href":"https:\/\/www.spring-reiter.de\/index.php\/wp-json\/wp\/v2\/posts\/57413","targetHints":{"allow":["GET"]}}],"collection":[{"href":"https:\/\/www.spring-reiter.de\/index.php\/wp-json\/wp\/v2\/posts"}],"about":[{"href":"https:\/\/www.spring-reiter.de\/index.php\/wp-json\/wp\/v2\/types\/post"}],"author":[{"embeddable":true,"href":"https:\/\/www.spring-reiter.de\/index.php\/wp-json\/wp\/v2\/users\/2"}],"replies":[{"embeddable":true,"href":"https:\/\/www.spring-reiter.de\/index.php\/wp-json\/wp\/v2\/comments?post=57413"}],"version-history":[{"count":0,"href":"https:\/\/www.spring-reiter.de\/index.php\/wp-json\/wp\/v2\/posts\/57413\/revisions"}],"wp:featuredmedia":[{"embeddable":true,"href":"https:\/\/www.spring-reiter.de\/index.php\/wp-json\/wp\/v2\/media\/57415"}],"wp:attachment":[{"href":"https:\/\/www.spring-reiter.de\/index.php\/wp-json\/wp\/v2\/media?parent=57413"}],"wp:term":[{"taxonomy":"category","embeddable":true,"href":"https:\/\/www.spring-reiter.de\/index.php\/wp-json\/wp\/v2\/categories?post=57413"},{"taxonomy":"post_tag","embeddable":true,"href":"https:\/\/www.spring-reiter.de\/index.php\/wp-json\/wp\/v2\/tags?post=57413"}],"curies":[{"name":"wp","href":"https:\/\/api.w.org\/{rel}","templated":true}]}}