{"id":58414,"date":"2022-11-30T17:44:13","date_gmt":"2022-11-30T16:44:13","guid":{"rendered":"https:\/\/www.spring-reiter.de\/?p=58414"},"modified":"2022-11-30T17:47:07","modified_gmt":"2022-11-30T16:47:07","slug":"olympia-sieger-welt-und-europameister-plus-rolex-grand-prix-champions-top-stars-in-genf","status":"publish","type":"post","link":"https:\/\/www.spring-reiter.de\/index.php\/2022\/11\/30\/olympia-sieger-welt-und-europameister-plus-rolex-grand-prix-champions-top-stars-in-genf\/","title":{"rendered":"Olympia-Sieger, Welt- und Europameister plus Rolex Grand Prix Champions: Top-Stars in Genf"},"content":{"rendered":"\n<p><strong>113 Reiter und Fahrer aus 21 Nationen werden beim 61. Concours Hippique International (CHI) von Genf starten, der vom 7. bis 11. Dezember dieses Jahres stattfindet. Ob im Springen, in der Vielseitigkeit oder im Gespannfahren, Olympiasieger, Welt- und Europameister werden die Piste im Palexpo rocken. Die Wettk\u00e4mpfe versprechen also auch dieses Mal wieder sehr hochkar\u00e4tig zu sein.<\/strong><\/p>\n\n\n\n<p>Beim 61. CHI Genf werden 60 Springreiter an den Start gehen, von denen die zehn besten der Weltrangliste am Top 10 Finale des Rolex IJRC antreten werden. Zu dem erlesenen Starterfeld in Genf geh\u00f6ren der Weltranglistenerste und Weltmeister, der Schwede Henrik von Eckermann, der Olympiasieger Ben Maher (GBR) und der Europameister Andr\u00e9 Thieme.  Die belgische Delegation wird mit dem Vizeweltmeister J\u00e9r\u00f4me Gu\u00e9ry nicht zu untersch\u00e4tzen sein, ebenso wie Frankreich, das mit Julien Epaillard, Simon Delestre und Kevin Staut gleich mit drei Reitern im Top 10 Finale vertreten sein wird.<\/p>\n\n\n\n<p>Auch die Schweizer Delegation wird mit Martin Fuchs, dem Gewinner des Rolex Grand Prix von 2019 und von 2021, und seinen Teamkollegen Steve Guerdat, Edouard Schmitz und Pius Schwizer, die in diesem Jahr den Nationenpreis in St.Gallen, den zweiten Platz bei den Spruce Meadows Masters in Calgary und den dritten Platz beim Finale des Nationenpreises in Barcelona gewonnen haben, sehr gut aufgestellt sein. Nicht zu vergessen der amtierende Schweizer Meister Bryan Balsiger, der k\u00fcrzlich den Weltcup-Grand-Prix in Oslo gewann. Die deutschen Springreiter Daniel Deusser und Gerrit Nieberg, die beiden Sieger der letzten Etappen des <strong>Rolex Grand Slam of Show Jumping<\/strong>, werden sich besonders auf den Grand Prix am Sonntag konzentrieren. Das gilt auch f\u00fcr den Gold- und Silbermedaillengewinner der letzten Olympischen Spiele in Tokio Peder Fredricson (SWE) und den Niederl\u00e4nder Harrie Smolders, der im vergangenen Jahr in Genf den zweiten Platz im Rolex Grand Prix belegte. Die USA werden durch McLain Ward, der sich f\u00fcr das Top 10 Finale qualifiziert hat, und den Amazonen Laura Kraut und Paris Sellon vertreten sein.<\/p>\n\n\n\n<p><strong>Auch Jugendliche unter 25 Jahren haben ihre Wettbewerbe<\/strong><\/p>\n\n\n\n<p>Zu diesen Reitern kommen noch etwa 30 Nachwuchstalente unter 25 Jahren hinzu, die bei drei Pr\u00fcfungen teilnehmen werden, darunter beim Grossen Preis von Land Rover am Samstagvormittag. Die Schweiz wird mit elf Reitern und Reiterinnen dabei sein. Wie ihre Konkurrenten werden auch sie ihre Ehre daransetzen, w\u00e4hrend der Tage in Genf so viel Erfahrung wie m\u00f6glich zu sammeln. Dasselbe gilt f\u00fcr die Gewinner des Jockey Club, die in der neuen Mannschaftspr\u00fcfung am Samstagabend, dem Credit Suisse Cup des Jockey Clubs, mit den Stars der Spring- und Vielseitigkeitsreiter sowie einem Pony Team antreten werden.<\/p>\n\n\n\n<p><strong>Ein Hauch von Revanche bei der Vielseitigkeit?<\/strong><\/p>\n\n\n\n<p>Die Hallen Vielseitigkeit, die von der Tribune de Gen\u00e8ve pr\u00e4sentiert wird, ist seit seiner Einf\u00fchrung eine mit grosser Spannung erwartete Pr\u00fcfung. Im letzten Jahr hatte das Publikum ein Kopf-an-Kopf-Rennen zwischen Robin Godel (SUI) und Karim Laghouag (FRA) gesehen, das schlie\u00dflich zugunsten des Schweizers ausging. Wird dieses Jahr eine Revanche in der Luft liegen? Es sei denn, der mehrfache Weltmeister und Olympiasieger Michael Jung aus Deutschland spielt den Spielverderber. Der Ire Cathal Daniels, der 2019 in Genf gewann, die Franzosen Maxime Livio und Thibault Champel sowie die Schweizerinnen M\u00e9lody Johner und Nadja Minder haben jedoch noch nicht das letzte Wort gesprochen. Die Trib\u00fcnen im Palexpo werden am fr\u00fchen Freitagabend zum Beben gebracht.<\/p>\n\n\n\n<p><strong>Im Weltcup Ranking ist noch nichts entschieden<\/strong><\/p>\n\n\n\n<p>Die Schweizer Etappe des FEI Weltcups Fahren, die vom Radio T\u00e9l\u00e9vision Suisse pr\u00e4sentiert wird, wird am Sonntagvormittag ausgetragen. Der Niederl\u00e4nder Bram Chardon wird seinen Titel verteidigen. Er trifft auf den Deutschen Michael Brauchle und die Belgier Dries Degrieck und Glen Geerts, die bei den letzten Weltmeisterschaften die Bronzemedaille im Einzel und im Team gewonnen haben. Nicht zu vergessen den einzigen Schweizer, der sich f\u00fcr den Weltcup qualifiziert hat, J\u00e9r\u00f4me Voutaz. In der Rangliste ist alles offen und es k\u00f6nnte gut sein, dass bei der Etappe in Genf die Karten neu gemischt werden.<\/p>\n\n\n\n<p>In Genf wollten die Organisatoren schon immer das Pferd in den Vordergrund stellen und die talentiertesten unter ihnen feiern. Das Publikum erinnert sich an die Abschiede von <em>Nino des Buissonnets<\/em>, dem Olympiapferd von Steve Guerdat, von <em>Hello Sanctos<\/em>, dem ersten und bislang einzigen Gewinner des Rolex Grand Slam mit dem Briten Scott Brash, von <em>Fine Lady<\/em>, der Stute des kanadischen Reiters Eric Lamaze, oder von <em>Quabri de L&#8217;Isle<\/em>, der 2016 mit dem Brasilianer Pedro Veniss in Genf gewann. In diesem Jahr wird <em>Clooney 51<\/em>, das Pferd mit der beeindruckenden Erfolgsbilanz von Martin Fuchs, Europameister und Vizeweltmeister in der Einzelwertung, am Sonntag vor dem Rolex Grand Prix um 14 Uhr seine letzte Runde auf dem Platz drehen. Emotionen sind garantiert!<\/p>\n","protected":false},"excerpt":{"rendered":"<p>113 Reiter und Fahrer aus 21 Nationen werden beim 61. Concours Hippique International (CHI) von Genf starten, der vom 7. bis 11. Dezember dieses Jahres stattfindet. Ob im Springen, in der Vielseitigkeit oder im Gespannfahren, Olympiasieger, Welt- und Europameister werden die Piste im Palexpo rocken. Die Wettk\u00e4mpfe versprechen also auch &hellip; <a class=\"kt-excerpt-readmore\" href=\"https:\/\/www.spring-reiter.de\/index.php\/2022\/11\/30\/olympia-sieger-welt-und-europameister-plus-rolex-grand-prix-champions-top-stars-in-genf\/\" aria-label=\"Olympia-Sieger, Welt- und Europameister plus Rolex Grand Prix Champions: Top-Stars in Genf\">Weiterlesen<\/a><\/p>\n","protected":false},"author":2,"featured_media":58416,"comment_status":"closed","ping_status":"open","sticky":false,"template":"","format":"standard","meta":{"footnotes":""},"categories":[1],"tags":[],"class_list":["post-58414","post","type-post","status-publish","format-standard","has-post-thumbnail","hentry","category-allgemein"],"translation":{"provider":"WPGlobus","version":"3.0.2","language":"de","enabled_languages":["de","en"],"languages":{"de":{"title":true,"content":true,"excerpt":false},"en":{"title":false,"content":false,"excerpt":false}}},"_links":{"self":[{"href":"https:\/\/www.spring-reiter.de\/index.php\/wp-json\/wp\/v2\/posts\/58414","targetHints":{"allow":["GET"]}}],"collection":[{"href":"https:\/\/www.spring-reiter.de\/index.php\/wp-json\/wp\/v2\/posts"}],"about":[{"href":"https:\/\/www.spring-reiter.de\/index.php\/wp-json\/wp\/v2\/types\/post"}],"author":[{"embeddable":true,"href":"https:\/\/www.spring-reiter.de\/index.php\/wp-json\/wp\/v2\/users\/2"}],"replies":[{"embeddable":true,"href":"https:\/\/www.spring-reiter.de\/index.php\/wp-json\/wp\/v2\/comments?post=58414"}],"version-history":[{"count":0,"href":"https:\/\/www.spring-reiter.de\/index.php\/wp-json\/wp\/v2\/posts\/58414\/revisions"}],"wp:featuredmedia":[{"embeddable":true,"href":"https:\/\/www.spring-reiter.de\/index.php\/wp-json\/wp\/v2\/media\/58416"}],"wp:attachment":[{"href":"https:\/\/www.spring-reiter.de\/index.php\/wp-json\/wp\/v2\/media?parent=58414"}],"wp:term":[{"taxonomy":"category","embeddable":true,"href":"https:\/\/www.spring-reiter.de\/index.php\/wp-json\/wp\/v2\/categories?post=58414"},{"taxonomy":"post_tag","embeddable":true,"href":"https:\/\/www.spring-reiter.de\/index.php\/wp-json\/wp\/v2\/tags?post=58414"}],"curies":[{"name":"wp","href":"https:\/\/api.w.org\/{rel}","templated":true}]}}