{"id":59092,"date":"2022-12-15T22:39:35","date_gmt":"2022-12-15T21:39:35","guid":{"rendered":"https:\/\/www.spring-reiter.de\/?p=59092"},"modified":"2022-12-15T22:43:04","modified_gmt":"2022-12-15T21:43:04","slug":"janne-meyer-trauert-um-ihren-mini-du-warst-mein-superstar","status":"publish","type":"post","link":"https:\/\/www.spring-reiter.de\/index.php\/2022\/12\/15\/janne-meyer-trauert-um-ihren-mini-du-warst-mein-superstar\/","title":{"rendered":"Janne Meyer trauert um ihren &#8222;Mini&#8220;: &#8222;Du warst mein Superstar.&#8220;"},"content":{"rendered":"\n<p>Noch im diesem August hat sie mit ihm in M\u00fcnster sensationell den Grand Prix gewonnen, bei der Weltcup-Etappe in Helsinki im Oktober wurden sie Dritte: Janne Friederike Meyer Zimmermann und B\u00fcttner&#8217;s Minimax waren seit 2015 ein Dream-Team in den internationalen Parcours. Jetzt ist der erst 13j\u00e4hrige Schimmel von Cornado NRW &#8222;v\u00f6llig unerwartet&#8220; gestorben. <\/p>\n\n\n\n<p>&#8222;Du hast uns heute verlassen viel zu fr\u00fch und v\u00f6llig unerwartet. Unser gesamtes Team ist in gro\u00dfer Trauer und ich bin so traurig, dass mir alle Worte fehlen. Du warst mein geliebtes Einhorn, mein Freund, mein Superstar, mein Held und Stehaufm\u00e4nnchen. Du warst der Boss im Stall und eine Rampensau auf Turnier. Du hast die gro\u00dfe B\u00fchne geliebt. Kein Hindernis war Dir zu hoch, kein Graben zu weit und kein Publikum zu laut. Du hattest sehr viele Fans und bei Stallf\u00fchrungen wollte jeder ein Foto mit Dir machen&#8220;, schreibt Janne Meyer auf ihren Social Media Kan\u00e4len. <\/p>\n\n\n\n<p>Erst im Sommer hatte sich der Hannoveraner beim Heimturnier auf Hof Waterkant mit tollen Runden und einem sechsten Platz im Grand Prix nach einer rund einj\u00e4hrigen Pause eindrucksvoll zur\u00fcck gemeldet, sprang kraftvoll und voller Energie. Nun hat &#8222;Mini&#8220;, der von Franz Josef Dahlmann in den Sport gebracht worden war, die gro\u00dfe B\u00fchne verlassen. <\/p>\n\n\n\n<p>spring-reiter.de w\u00fcnscht Janne Friederike Meyer-Zimmermann und ihrem ganzen Team ganz viel Kraft, mit diesem gro\u00dfen Verlust zu leben. <\/p>\n","protected":false},"excerpt":{"rendered":"<p>Noch im diesem August hat sie mit ihm in M\u00fcnster sensationell den Grand Prix gewonnen, bei der Weltcup-Etappe in Helsinki im Oktober wurden sie Dritte: Janne Friederike Meyer Zimmermann und B\u00fcttner&#8217;s Minimax waren seit 2015 ein Dream-Team in den internationalen Parcours. Jetzt ist der erst 13j\u00e4hrige Schimmel von Cornado NRW &hellip; <a class=\"kt-excerpt-readmore\" href=\"https:\/\/www.spring-reiter.de\/index.php\/2022\/12\/15\/janne-meyer-trauert-um-ihren-mini-du-warst-mein-superstar\/\" aria-label=\"Janne Meyer trauert um ihren &#8222;Mini&#8220;: &#8222;Du warst mein Superstar.&#8220;\">Weiterlesen<\/a><\/p>\n","protected":false},"author":2,"featured_media":41069,"comment_status":"closed","ping_status":"open","sticky":false,"template":"","format":"standard","meta":{"footnotes":""},"categories":[1],"tags":[],"class_list":["post-59092","post","type-post","status-publish","format-standard","has-post-thumbnail","hentry","category-allgemein"],"translation":{"provider":"WPGlobus","version":"3.0.2","language":"de","enabled_languages":["de","en"],"languages":{"de":{"title":true,"content":true,"excerpt":false},"en":{"title":false,"content":false,"excerpt":false}}},"_links":{"self":[{"href":"https:\/\/www.spring-reiter.de\/index.php\/wp-json\/wp\/v2\/posts\/59092","targetHints":{"allow":["GET"]}}],"collection":[{"href":"https:\/\/www.spring-reiter.de\/index.php\/wp-json\/wp\/v2\/posts"}],"about":[{"href":"https:\/\/www.spring-reiter.de\/index.php\/wp-json\/wp\/v2\/types\/post"}],"author":[{"embeddable":true,"href":"https:\/\/www.spring-reiter.de\/index.php\/wp-json\/wp\/v2\/users\/2"}],"replies":[{"embeddable":true,"href":"https:\/\/www.spring-reiter.de\/index.php\/wp-json\/wp\/v2\/comments?post=59092"}],"version-history":[{"count":0,"href":"https:\/\/www.spring-reiter.de\/index.php\/wp-json\/wp\/v2\/posts\/59092\/revisions"}],"wp:featuredmedia":[{"embeddable":true,"href":"https:\/\/www.spring-reiter.de\/index.php\/wp-json\/wp\/v2\/media\/41069"}],"wp:attachment":[{"href":"https:\/\/www.spring-reiter.de\/index.php\/wp-json\/wp\/v2\/media?parent=59092"}],"wp:term":[{"taxonomy":"category","embeddable":true,"href":"https:\/\/www.spring-reiter.de\/index.php\/wp-json\/wp\/v2\/categories?post=59092"},{"taxonomy":"post_tag","embeddable":true,"href":"https:\/\/www.spring-reiter.de\/index.php\/wp-json\/wp\/v2\/tags?post=59092"}],"curies":[{"name":"wp","href":"https:\/\/api.w.org\/{rel}","templated":true}]}}