{"id":60574,"date":"2023-02-17T11:04:14","date_gmt":"2023-02-17T10:04:14","guid":{"rendered":"https:\/\/www.spring-reiter.de\/?p=60574"},"modified":"2023-02-17T11:31:48","modified_gmt":"2023-02-17T10:31:48","slug":"neues-design-und-individuelle-raumkonzepte-beim-boeckmann-portax","status":"publish","type":"post","link":"https:\/\/www.spring-reiter.de\/index.php\/2023\/02\/17\/neues-design-und-individuelle-raumkonzepte-beim-boeckmann-portax\/","title":{"rendered":"Neues Design und individuelle Raumkonzepte beim B\u00f6ckmann Portax"},"content":{"rendered":"\n<p>Neues Design und individuelle Raumkonzepte f\u00fcr noch mehr Komfort.<\/p>\n\n\n\n<p>Die B\u00f6ckmann Pferdeanh\u00e4nger Modellreihe \u201ePortax\u201c ist umfangreich \u00fcberarbeitet worden und bietet damit noch mehr Vorteile f\u00fcr Pferd und Reiter.<\/p>\n\n\n\n<p>Die 9 unterschiedlichen Modelle der neuen Portax Familie \u00fcberzeugen mit individuellen Raumkonzepten, einem gro\u00dfz\u00fcgigen Raumangebot und einer umfangreichen Serienausstattung. All das macht sie zum perfekten Begleiter f\u00fcr den Alltag am Stall.<\/p>\n\n\n\n<p>Die neuen Modelle lassen keine W\u00fcnsche offen.<\/p>\n\n\n\n<p>Ein besonderes Highlight der Modelle ist der neue Portax Lichtbogen, der das direkte Blendlicht auf ein Minimum reduziert, wodurch St\u00f6rfaktoren f\u00fcr das Pferd deutlich verringert werden. Doch auch im Innenraum hat sich einiges getan im Vergleich zum Vorg\u00e4ngermodell. Ein Exzenterspanner und ein Magnetfeststeller sind absolute Neuheiten, die im Pferderaum das Handling vereinfachen. So erm\u00f6glicht der Exzenterspanner den einfachen Ausbau der Mittelpfosten-Trennwand, w\u00e4hrend ein Magnetfeststeller die Trennwand-Fl\u00fcgel auf beiden Seiten feststellt.<\/p>\n\n\n\n<p>Die neuen Portax SKA und L SKA verf\u00fcgen \u00fcber eine Sattelkammer, die von innen und au\u00dfen zug\u00e4nglich ist, bieten zus\u00e4tzlichen Platz vor den Pferden und einen einfachen Zugang zum Pferderaum durch die mannshohe Einstiegst\u00fcr. Beim neuen Portax E und L E bieten zwei mannshohe Zugangst\u00fcren und zwei gro\u00dfe Sattelkammer-T\u00fcren einmalige Funktionalit\u00e4t. Der zus\u00e4tzliche Platz vor der Boxenstange macht die Nutzung der innenliegenden Sattelkammer zum reinen Vergn\u00fcgen. W\u00e4hrenddessen definieren der neue Portax K und L K die Mehrwerte eines Pferdeanh\u00e4ngers mit Frontausstieg neu. Die einmalige Raumaufteilung mit dem zus\u00e4tzlichen Platz vor den Pferden machen das Handling perfekt. Der Portax L SR bietet jetzt einen noch gr\u00f6\u00dferen begehbaren Sattelraum und die Pferde k\u00f6nnen bequem \u00fcber die zwei mannshohen Zugangst\u00fcren von au\u00dfen erreicht werden.<br>Mit einer Innenh\u00f6he und -breite von 2400 x 1855 mm bieten die Big Portax Modelle noch mehr Platz und Komfort f\u00fcr Sie und Ihre Pferde. Vom begehbaren Sattelraum bis hin zum Pferdestandbereich. Die mannshohen Zugangst\u00fcren auf jeder Seite machen die Bedienung perfekt. Der Big Portax Stall verf\u00fcgt \u00fcber ein einzigartiges Trennwandsystem mit verschiedenen M\u00f6glichkeiten zur Raumaufteilung. So ist ein kontaktloser Transport f\u00fcr die Fahrt von Hengsten durch die integrierte Kopf-Trennwand und Trennt\u00fcr zwischen den Pferdek\u00f6pfen oder ein gemeinsamer Raum f\u00fcr Stute und Fohlen m\u00f6glich.<\/p>\n\n\n\n<p>Alle Modelle verf\u00fcgen \u00fcber eine exklusive Serienausstattung. Diese umfasst z.B. das World- Class Fahrwerk \u201eWCFplus\u201c nach Automobilstandard, den B\u00f6ckmann Qualit\u00e4ts- Vollaluminiumboden, auf den 20 Jahre Garantie gew\u00e4hrleistet wird,\u00a0die Hinterklappe\/1-<\/p>\n\n\n\n<p>Fl\u00fcgelt\u00fcrkombination, das bew\u00e4hrte Multi Safe Sicherheitsboxenstangen-Panik-System (MSS) f\u00fcr vorne und hinten und das blaue LED-Transportlicht, welches komfortabel von blau auf wei\u00df schaltbar ist.<\/p>\n\n\n\n<p>Zudem verf\u00fcgen alle L-Modelle \u00fcber 630 mm mehr Innenl\u00e4nge im Vergleich zum Portax SKA, E und K und sind mit 2,7 t. Gesamtgewicht ausgestattet.<\/p>\n\n\n\n<p>Doch auch die Serienausstattung der Sattelkammern und -r\u00e4ume steht dem in nichts nach. Neben vertikal verstell- sowie ausziehbaren Sattelhaltern sind Teleskopbesen, Kunststoffschaufel, T\u00fcrnetz, Spiegel, Gertenhalter, Futtertr\u00f6ge, gro\u00dfe Trensenhaken, Padhalter, LED-Licht und Klapphocker mit Sicherung dabei. In den Modellen mit Sattelraum geh\u00f6ren au\u00dferdem noch ein Klappsitz und Stiefelknecht zur Standardausstattung.<\/p>\n\n\n\n<p>Wer sein neues Portax Modell noch weiter auf die eigenen Bed\u00fcrfnisse und die des Pferdes anpassen m\u00f6chte, dem bietet das Zubeh\u00f6r, z.B. Fohlengitter, Aufstiegshilfe oder Kopftrennwand, ausreichend M\u00f6glichkeit.<\/p>\n\n\n\n<p>Mit dem zus\u00e4tzlichen Raumangebot ist die neue Generation der Portax Familie noch exakter auf die Bed\u00fcrfnisse von Pferd und Reiter zugeschnitten: mehr Platz vor den Pferden, wegweisende Sattelkammer-Konzepte mit zus\u00e4tzlichem Stauraum und ein Design, das mit dem innovativen Lichtbogen, Form und Funktion perfekt vereint.<\/p>\n\n\n\n<p>Wer sich pers\u00f6nlich von den neuen Modellen \u00fcberzeugen m\u00f6chte, hat vom 09.-15. M\u00e4rz auf der Equitana in Essen die M\u00f6glichkeit dazu.<\/p>\n\n\n\n<p>\u00dcber die B\u00f6ckmann Fahrzeugwerke<\/p>\n\n\n\n<p>Die B\u00f6ckmann Fahrzeugwerke mit Sitz in Lastrup entwickeln seit mehr als 65 Jahren Pferdeanh\u00e4nger, Pferdetransporter und Nutzanh\u00e4nger. &#8222;Aus der Praxis f\u00fcr die Praxis&#8220; lautet das Motto von B\u00f6ckmann, denn die Entwicklung von Anh\u00e4ngern und Transportern wird durch langj\u00e4hrige Erfahrung in der Reit- und Transportbranche unterst\u00fctzt.<\/p>\n","protected":false},"excerpt":{"rendered":"<p>Neues Design und individuelle Raumkonzepte f\u00fcr noch mehr Komfort. Die B\u00f6ckmann Pferdeanh\u00e4nger Modellreihe \u201ePortax\u201c ist umfangreich \u00fcberarbeitet worden und bietet damit noch mehr Vorteile f\u00fcr Pferd und Reiter. Die 9 unterschiedlichen Modelle der neuen Portax Familie \u00fcberzeugen mit individuellen Raumkonzepten, einem gro\u00dfz\u00fcgigen Raumangebot und einer umfangreichen Serienausstattung. All das macht &hellip; <a class=\"kt-excerpt-readmore\" href=\"https:\/\/www.spring-reiter.de\/index.php\/2023\/02\/17\/neues-design-und-individuelle-raumkonzepte-beim-boeckmann-portax\/\" aria-label=\"Neues Design und individuelle Raumkonzepte beim B\u00f6ckmann Portax\">Weiterlesen<\/a><\/p>\n","protected":false},"author":3,"featured_media":60575,"comment_status":"closed","ping_status":"open","sticky":false,"template":"","format":"standard","meta":{"footnotes":""},"categories":[1],"tags":[],"class_list":["post-60574","post","type-post","status-publish","format-standard","has-post-thumbnail","hentry","category-allgemein"],"translation":{"provider":"WPGlobus","version":"3.0.2","language":"de","enabled_languages":["de","en"],"languages":{"de":{"title":true,"content":true,"excerpt":false},"en":{"title":false,"content":false,"excerpt":false}}},"_links":{"self":[{"href":"https:\/\/www.spring-reiter.de\/index.php\/wp-json\/wp\/v2\/posts\/60574","targetHints":{"allow":["GET"]}}],"collection":[{"href":"https:\/\/www.spring-reiter.de\/index.php\/wp-json\/wp\/v2\/posts"}],"about":[{"href":"https:\/\/www.spring-reiter.de\/index.php\/wp-json\/wp\/v2\/types\/post"}],"author":[{"embeddable":true,"href":"https:\/\/www.spring-reiter.de\/index.php\/wp-json\/wp\/v2\/users\/3"}],"replies":[{"embeddable":true,"href":"https:\/\/www.spring-reiter.de\/index.php\/wp-json\/wp\/v2\/comments?post=60574"}],"version-history":[{"count":0,"href":"https:\/\/www.spring-reiter.de\/index.php\/wp-json\/wp\/v2\/posts\/60574\/revisions"}],"wp:featuredmedia":[{"embeddable":true,"href":"https:\/\/www.spring-reiter.de\/index.php\/wp-json\/wp\/v2\/media\/60575"}],"wp:attachment":[{"href":"https:\/\/www.spring-reiter.de\/index.php\/wp-json\/wp\/v2\/media?parent=60574"}],"wp:term":[{"taxonomy":"category","embeddable":true,"href":"https:\/\/www.spring-reiter.de\/index.php\/wp-json\/wp\/v2\/categories?post=60574"},{"taxonomy":"post_tag","embeddable":true,"href":"https:\/\/www.spring-reiter.de\/index.php\/wp-json\/wp\/v2\/tags?post=60574"}],"curies":[{"name":"wp","href":"https:\/\/api.w.org\/{rel}","templated":true}]}}