{"id":60806,"date":"2023-02-24T15:41:55","date_gmt":"2023-02-24T14:41:55","guid":{"rendered":"https:\/\/www.spring-reiter.de\/?p=60806"},"modified":"2023-02-24T16:13:24","modified_gmt":"2023-02-24T15:13:24","slug":"zum-wohlergehen-der-pferde-ces-valencia-bricht-spring-tour-2023-ab","status":"publish","type":"post","link":"https:\/\/www.spring-reiter.de\/index.php\/2023\/02\/24\/zum-wohlergehen-der-pferde-ces-valencia-bricht-spring-tour-2023-ab\/","title":{"rendered":"Zum Wohlergehen der Pferde: CES Valencia bricht Spring-Tour 2023 ab"},"content":{"rendered":"\n<p>Nach dem Herpes-Ausbruch in Oliva Nova und dem damit verbundenen Turnier-Aus, beendet jetzt auch CES Valencia seine Fr\u00fchlings-Tour, die eigentlich noch bis Mitte M\u00e4rz gegangen w\u00e4re. Vorsorglich. <\/p>\n\n\n\n<p>In einem Statement des Veranstalters hei\u00dft es: &#8222;CES Valencia ergreift Ma\u00dfnahmen nach der Best\u00e4tigung von EHV-1 in Oliva Nova. <\/p>\n\n\n\n<p>Aufgrund der k\u00fcrzlich angek\u00fcndigten Nachrichten \u00fcber positive EHV-1 F\u00e4lle in Oliva und nach unserer harten Erfahrung hat sich CES Valencia Tour OC zum Wohl der Pferde entschieden, den Wettbewerb nach diesem Wochenende zu stoppen und damit unsere Spring Tour 2023 zu beenden.<\/p>\n\n\n\n<p>Wir glauben, dass dies das Beste ist, um das Wohlergehen der Pferde zu erhalten und zu verhindern, dass sich dieses Virus ausbreitet.&#8220;<\/p>\n","protected":false},"excerpt":{"rendered":"<p>Nach dem Herpes-Ausbruch in Oliva Nova und dem damit verbundenen Turnier-Aus, beendet jetzt auch CES Valencia seine Fr\u00fchlings-Tour, die eigentlich noch bis Mitte M\u00e4rz gegangen w\u00e4re. Vorsorglich. In einem Statement des Veranstalters hei\u00dft es: &#8222;CES Valencia ergreift Ma\u00dfnahmen nach der Best\u00e4tigung von EHV-1 in Oliva Nova. Aufgrund der k\u00fcrzlich angek\u00fcndigten &hellip; <a class=\"kt-excerpt-readmore\" href=\"https:\/\/www.spring-reiter.de\/index.php\/2023\/02\/24\/zum-wohlergehen-der-pferde-ces-valencia-bricht-spring-tour-2023-ab\/\" aria-label=\"Zum Wohlergehen der Pferde: CES Valencia bricht Spring-Tour 2023 ab\">Weiterlesen<\/a><\/p>\n","protected":false},"author":2,"featured_media":60808,"comment_status":"closed","ping_status":"open","sticky":false,"template":"","format":"standard","meta":{"footnotes":""},"categories":[1],"tags":[],"class_list":["post-60806","post","type-post","status-publish","format-standard","has-post-thumbnail","hentry","category-allgemein"],"translation":{"provider":"WPGlobus","version":"3.0.2","language":"de","enabled_languages":["de","en"],"languages":{"de":{"title":true,"content":true,"excerpt":false},"en":{"title":false,"content":false,"excerpt":false}}},"_links":{"self":[{"href":"https:\/\/www.spring-reiter.de\/index.php\/wp-json\/wp\/v2\/posts\/60806","targetHints":{"allow":["GET"]}}],"collection":[{"href":"https:\/\/www.spring-reiter.de\/index.php\/wp-json\/wp\/v2\/posts"}],"about":[{"href":"https:\/\/www.spring-reiter.de\/index.php\/wp-json\/wp\/v2\/types\/post"}],"author":[{"embeddable":true,"href":"https:\/\/www.spring-reiter.de\/index.php\/wp-json\/wp\/v2\/users\/2"}],"replies":[{"embeddable":true,"href":"https:\/\/www.spring-reiter.de\/index.php\/wp-json\/wp\/v2\/comments?post=60806"}],"version-history":[{"count":0,"href":"https:\/\/www.spring-reiter.de\/index.php\/wp-json\/wp\/v2\/posts\/60806\/revisions"}],"wp:featuredmedia":[{"embeddable":true,"href":"https:\/\/www.spring-reiter.de\/index.php\/wp-json\/wp\/v2\/media\/60808"}],"wp:attachment":[{"href":"https:\/\/www.spring-reiter.de\/index.php\/wp-json\/wp\/v2\/media?parent=60806"}],"wp:term":[{"taxonomy":"category","embeddable":true,"href":"https:\/\/www.spring-reiter.de\/index.php\/wp-json\/wp\/v2\/categories?post=60806"},{"taxonomy":"post_tag","embeddable":true,"href":"https:\/\/www.spring-reiter.de\/index.php\/wp-json\/wp\/v2\/tags?post=60806"}],"curies":[{"name":"wp","href":"https:\/\/api.w.org\/{rel}","templated":true}]}}