{"id":60903,"date":"2023-02-27T11:10:56","date_gmt":"2023-02-27T10:10:56","guid":{"rendered":"https:\/\/www.spring-reiter.de\/?p=60903"},"modified":"2023-02-27T11:10:59","modified_gmt":"2023-02-27T10:10:59","slug":"fuer-den-tierschutz-schaufenster-der-besten-jetzt-im-maerz","status":"publish","type":"post","link":"https:\/\/www.spring-reiter.de\/index.php\/2023\/02\/27\/fuer-den-tierschutz-schaufenster-der-besten-jetzt-im-maerz\/","title":{"rendered":"F\u00fcr den Tierschutz: Schaufenster der Besten jetzt im M\u00e4rz!"},"content":{"rendered":"\n<p>Bereits 2002 bei der Geburt des Schaufensters der Besten in Neustadt (Dosse) stand der Gedanke Zucht, Sport und Vermarktung in einer Veranstaltung zusammenzuf\u00fchren. Auch wenn sich das Konzept des Schaufensters in den letzten zwei Jahrzehnten immer wieder aktuellen Entwicklungen stellen musste und viele Ver\u00e4nderungen erlebte, ist es nach wie vor der z\u00fcchterische H\u00f6hepunkt in der Region. Immer wieder war das Schaufenster ein Innovator, egal, ob es 2002 die Kombination aus K\u00f6rung und Turnier war, 2005 die erste K\u00f6rung f\u00fcr das Deutsche Sportpferd, 2007 die erste Live\u00fcbertragung einer K\u00f6rung bei Clipmyhorse.tv, 2010 die erste gemeinsame S\u00fcddeutsche K\u00f6rung, oder die erste DSP-Online-Hengstauktion im letzten Jahr. Das Schaufenster der Besten ist immer mit der Zeit gegangen. Mit der Aktualisierung der Leitlinien des Bundeslandwirtschaftsministeriums zum Tierschutz im Pferdesport wurde die Altersgrenze f\u00fcr den Beginn der Ausbildung zum vorgesehenen Nutzungszweck auf 30 Monate festgelegt. Dies hat weitreichende Folgen auf das K\u00f6rsystem in allen deutschen Zuchtverb\u00e4nden. Hierdurch kann die Vorbereitung junger Hengste erst zum Zeitpunkt der traditionellen Herbstk\u00f6rungen in der Regel September, Oktober oder November beginnen. Dadurch m\u00fcssen sich alle Verb\u00e4nde terminlich neu orientieren. \u201eWir m\u00f6chten den Tierschutzgedanken nicht halbherzig umsetzen und haben uns deshalb entschlossen, das Schaufenster nicht nur um wenige Tage zu verschieben, sondern ein langfristig erfolgsversprechendes Konzept zu entwickeln\u201c, erl\u00e4utert G\u00fcnter St\u00fcbing vom Pferdezuchtverband Brandenburg-Anhalt. Deshalb zieht die Veranstaltung von Mitte November auf Anfang M\u00e4rz um. Das n\u00e4chste Schaufenster der Besten wird vom 02. bis 04. M\u00e4rz 2023 in der Graf von Lindenau-Halle stattfinden.\u201eWir denken, das Schaufenster f\u00fcgt sich mit diesem neuen Termin perfekt in den Veranstaltungsplan der DSP-Verb\u00e4nde mit den DSP-Hengsttagen in M\u00fcnchen im Januar und der DSP-Sattelk\u00f6rung in Marbach im November ein\u201c, so St\u00fcbing. Das Konzept bleibt jedoch weitgehend konstant. Im Mittelpunkt steht auch k\u00fcnftig die klassische DSP-K\u00f6rung f\u00fcr drei- und vierj\u00e4hrige Hengste. Nach der erfolgreichen Premiere 2020 wird die Onlineauktion der gek\u00f6rten und nicht gek\u00f6rten Hengste weiter fester Bestandteil bleiben. Auch der Sport und die Show werden weiter ihren Platz haben. Ebenso werden Erfolgsz\u00fcchter und -pferde des Verbandes im Rampenlicht der Graf von Lindenau-Halle stehen und die Proklamation zum \u201ePferd des Jahres\u201c zum Programm geh\u00f6ren.<\/p>\n","protected":false},"excerpt":{"rendered":"<p>Bereits 2002 bei der Geburt des Schaufensters der Besten in Neustadt (Dosse) stand der Gedanke Zucht, Sport und Vermarktung in einer Veranstaltung zusammenzuf\u00fchren. Auch wenn sich das Konzept des Schaufensters in den letzten zwei Jahrzehnten immer wieder aktuellen Entwicklungen stellen musste und viele Ver\u00e4nderungen erlebte, ist es nach wie vor &hellip; <a class=\"kt-excerpt-readmore\" href=\"https:\/\/www.spring-reiter.de\/index.php\/2023\/02\/27\/fuer-den-tierschutz-schaufenster-der-besten-jetzt-im-maerz\/\" aria-label=\"F\u00fcr den Tierschutz: Schaufenster der Besten jetzt im M\u00e4rz!\">Weiterlesen<\/a><\/p>\n","protected":false},"author":3,"featured_media":60906,"comment_status":"closed","ping_status":"open","sticky":false,"template":"","format":"standard","meta":{"footnotes":""},"categories":[1],"tags":[],"class_list":["post-60903","post","type-post","status-publish","format-standard","has-post-thumbnail","hentry","category-allgemein"],"translation":{"provider":"WPGlobus","version":"3.0.2","language":"de","enabled_languages":["de","en"],"languages":{"de":{"title":true,"content":true,"excerpt":false},"en":{"title":false,"content":false,"excerpt":false}}},"_links":{"self":[{"href":"https:\/\/www.spring-reiter.de\/index.php\/wp-json\/wp\/v2\/posts\/60903","targetHints":{"allow":["GET"]}}],"collection":[{"href":"https:\/\/www.spring-reiter.de\/index.php\/wp-json\/wp\/v2\/posts"}],"about":[{"href":"https:\/\/www.spring-reiter.de\/index.php\/wp-json\/wp\/v2\/types\/post"}],"author":[{"embeddable":true,"href":"https:\/\/www.spring-reiter.de\/index.php\/wp-json\/wp\/v2\/users\/3"}],"replies":[{"embeddable":true,"href":"https:\/\/www.spring-reiter.de\/index.php\/wp-json\/wp\/v2\/comments?post=60903"}],"version-history":[{"count":0,"href":"https:\/\/www.spring-reiter.de\/index.php\/wp-json\/wp\/v2\/posts\/60903\/revisions"}],"wp:featuredmedia":[{"embeddable":true,"href":"https:\/\/www.spring-reiter.de\/index.php\/wp-json\/wp\/v2\/media\/60906"}],"wp:attachment":[{"href":"https:\/\/www.spring-reiter.de\/index.php\/wp-json\/wp\/v2\/media?parent=60903"}],"wp:term":[{"taxonomy":"category","embeddable":true,"href":"https:\/\/www.spring-reiter.de\/index.php\/wp-json\/wp\/v2\/categories?post=60903"},{"taxonomy":"post_tag","embeddable":true,"href":"https:\/\/www.spring-reiter.de\/index.php\/wp-json\/wp\/v2\/tags?post=60903"}],"curies":[{"name":"wp","href":"https:\/\/api.w.org\/{rel}","templated":true}]}}