{"id":60976,"date":"2023-03-02T21:51:20","date_gmt":"2023-03-02T20:51:20","guid":{"rendered":"https:\/\/www.spring-reiter.de\/?p=60976"},"modified":"2023-03-02T21:51:23","modified_gmt":"2023-03-02T20:51:23","slug":"fei-gibt-update-zu-ehv-1-faellen-in-europa","status":"publish","type":"post","link":"https:\/\/www.spring-reiter.de\/index.php\/2023\/03\/02\/fei-gibt-update-zu-ehv-1-faellen-in-europa\/","title":{"rendered":"FEI gibt Update zu EHV-1-F\u00e4llen in Europa"},"content":{"rendered":"\n<p>Die FEI hat mit einem Update jetzt \u00fcber die aktuelle die Situation und die Ma\u00dfnahmen informiert, die in Absprache mit den jeweiligen nationalen Verb\u00e4nden und Organisationskomitees nach den best\u00e4tigten EHV-1-F\u00e4llen auf dem europ\u00e4ischen Festland in der zweiten Februarh\u00e4lfte ergriffen worden sind.<\/p>\n\n\n\n<p><strong>Oliva (ESP)<\/strong><br>Das Organisationskomitee (OK) in Oliva hat eine starkes Team aufgebaut und arbeitet weiterhin eng mit den Beh\u00f6rden, dem nationalen Verband und der FEI zusammen. Die Fr\u00fchjahrstournee MET III (Spring MET III, 7.-26. M\u00e4rz) wurde inzwischen abgesagt, und das OK hat Sitzungen anberaumt, um alle Athleten \u00fcber die neuesten Entwicklungen zu informieren.<\/p>\n\n\n\n<p>Der Austragungsort steht unter der Schirmherrschaft der regionalen Veterin\u00e4rbeh\u00f6rde, die wiederum vom Bundesamt f\u00fcr Veterin\u00e4rwesen, MAPA, \u00fcberwacht wird. Dar\u00fcber hinaus wurde ein behandelnder FEI-Tierarzt als Verantwortlicher f\u00fcr den Veranstaltungsort ernannt, der die Arbeit vor Ort leitet und der regionalen Veterin\u00e4rbeh\u00f6rde Bericht erstattet.<\/p>\n\n\n\n<p>Bislang befinden sich neun Pferde zur genauen \u00dcberwachung in der Pferdeklinik der Universit\u00e4t Valencia (CEU), von denen acht neurologische Anzeichen aufwiesen. Als Pr\u00e4ventivma\u00dfnahme und zur Sicherstellung ausreichender Behandlungskapazit\u00e4ten hat die FEI 12 provisorische Boxen auf dem Krankenhausgel\u00e4nde aufstellen lassen, falls weitere Pferde eingeliefert werden.<\/p>\n\n\n\n<p>Am Veranstaltungsort in Oliva befinden sich derzeit noch 103 Pferde, die je nach Gesundheitszustand in verschiedene Gruppen eingeteilt wurden. Die Temperatur aller Pferde auf dem Gel\u00e4nde wird zwei- bis dreimal t\u00e4glich gemessen, und im letzten Bericht vom 1. M\u00e4rz wies kein Pferd Fieber oder andere klinische Anzeichen auf.<\/p>\n\n\n\n<p>Die MAPA hat mit Unterst\u00fctzung der FEI-Veterin\u00e4rabteilung beschlossen, die anf\u00e4nglichen Sicherheitsma\u00dfnahmen zu verl\u00e4ngern, um eine weitere Ausbreitung des Virus vom Veranstaltungsort zu verhindern. Um den Austragungsort zu verlassen, m\u00fcssen die Pferde nun eine erste negative Probe vorlegen, gefolgt von einer zweiten Probe, die 14 Tage sp\u00e4ter entnommen wird, und einer dritten Probe am Tag 15. Alle drei Proben m\u00fcssen negativ sein, damit ein Pferd freigegeben werden kann.<\/p>\n\n\n\n<p>Um dann in der FEI-Datenbank &#8222;entsperrt&#8220; zu werden und wieder am Wettbewerb teilnehmen zu k\u00f6nnen, m\u00fcssen die Pferde bestimmte Gesundheitsanforderungen erf\u00fcllen. Die vorgeschriebenen Biosicherheitsma\u00dfnahmen sehen zwei Optionen vor &#8211; entweder 21 Tage Isolation mit einer Nasopharyngealprobe fr\u00fchestens am 21. Tag oder alternativ eine Mindestisolation von 14 Tagen mit einer ersten Nasopharyngealprobe fr\u00fchestens am 7. Tag und einer zweiten Probe fr\u00fchestens sieben Tage sp\u00e4ter. Alle Proben sind mittels PCR zu analysieren und m\u00fcssen negativ ausfallen. Zu den Ma\u00dfnahmen geh\u00f6rt auch die zweimal t\u00e4gliche rektale Temperaturmessung.<\/p>\n\n\n\n<p>Die Pferde k\u00f6nnen nur auf Anraten eines Tierarztes aus der Isolation entlassen werden. Um die Sperre aufzuheben und an FEI-Veranstaltungen teilnehmen zu k\u00f6nnen, m\u00fcssen die Pferde alle Protokolle f\u00fcr die Wiederaufnahme des Wettkampfs erf\u00fcllen und die Sperre von der Veterin\u00e4rabteilung der FEI aufheben lassen.<\/p>\n\n\n\n<p><strong>Lier (BEL)<\/strong><br>Der belgische leitende Tierarzt hat die Reinigung, Desinfektion und Versiegelung des Veranstaltungsortes \u00fcberpr\u00fcft und gr\u00fcnes Licht f\u00fcr die Wiederer\u00f6ffnung des Veranstaltungsortes f\u00fcr Wettk\u00e4mpfe gegeben.<\/p>\n\n\n\n<p>Zur Erinnerung: Das betroffene Pferd und jedes der 25 Kontaktpferde der Veranstaltung d\u00fcrfen nicht an FEI-Veranstaltungen teilnehmen, bis sie bestimmte Gesundheitsanforderungen erf\u00fcllt haben, die auferlegt wurden, um eine m\u00f6gliche \u00dcbertragung des Virus auf ihre eigenen Pferde und die gesamte Pferdepopulation zu minimieren.<\/p>\n\n\n\n<p><strong>Aktueller Stand der Verbreitung von EHV-1<\/strong><br>Sieben Pferde verlie\u00dfen Oliva vor dem ersten best\u00e4tigten EHV-1-Fall, ein Pferd reiste nach Valencia (ESP), vier nach Vejer de la Frontera (ESP) und zwei nach Doha (QAT). Sie wurden auf Aufforderung der FEI sofort isoliert und wenden derzeit die FEI-Protokolle f\u00fcr die R\u00fcckkehr in den Wettbewerb an, w\u00e4hrend sie isoliert sind. Bislang wurden bei keinem der Pferde Fieber oder klinische Anzeichen festgestellt.<\/p>\n\n\n\n<p>Sechs Pferde, die von Oliva nach Limburg (NED) zur\u00fcckkehrten, wurden positiv auf EHV-1 getestet und in Quarant\u00e4ne gesteckt, wo sie genau \u00fcberwacht werden.<\/p>\n\n\n\n<p>Unabh\u00e4ngig von Oliva wurden in Vilamoura (POR) zwei Pferde mit Fieber isoliert, ihre Testergebnisse auf EHV-1 waren jedoch negativ.<\/p>\n\n\n\n<p>Sicherheit f\u00fcr unsere Pferde<br>Wir m\u00f6chten diese Gelegenheit nutzen, um erneut auf die Bedeutung der FEI-Pferdegesundheitsanforderungen hinzuweisen und auf die Notwendigkeit, die Pferdegesundheitsanforderungen \u00fcber die FEI-PferdeApp zu erf\u00fcllen, um die maximale Sicherheit f\u00fcr alle Pferde zu gew\u00e4hrleisten, die an internationalen Veranstaltungen teilnehmen.<\/p>\n\n\n\n<p>Die von der FEI aufgestellten Anforderungen an die Pferdegesundheit, in \u00dcbereinstimmung mit Art. 1027 und 1029 des FEI-Veterin\u00e4rreglements 2023 seit dem 1. Januar 2022 eingef\u00fchrt wurden, sind ein entscheidendes Instrument der pr\u00e4ventiven Biosicherheit, und es ist von gr\u00f6\u00dfter Bedeutung, dass diese Anforderungen von allen konsequent angewendet werden.<\/p>\n\n\n\n<p><\/p>\n","protected":false},"excerpt":{"rendered":"<p>Die FEI hat mit einem Update jetzt \u00fcber die aktuelle die Situation und die Ma\u00dfnahmen informiert, die in Absprache mit den jeweiligen nationalen Verb\u00e4nden und Organisationskomitees nach den best\u00e4tigten EHV-1-F\u00e4llen auf dem europ\u00e4ischen Festland in der zweiten Februarh\u00e4lfte ergriffen worden sind. Oliva (ESP)Das Organisationskomitee (OK) in Oliva hat eine starkes &hellip; <a class=\"kt-excerpt-readmore\" href=\"https:\/\/www.spring-reiter.de\/index.php\/2023\/03\/02\/fei-gibt-update-zu-ehv-1-faellen-in-europa\/\" aria-label=\"FEI gibt Update zu EHV-1-F\u00e4llen in Europa\">Weiterlesen<\/a><\/p>\n","protected":false},"author":2,"featured_media":16806,"comment_status":"closed","ping_status":"open","sticky":false,"template":"","format":"standard","meta":{"footnotes":""},"categories":[1],"tags":[],"class_list":["post-60976","post","type-post","status-publish","format-standard","has-post-thumbnail","hentry","category-allgemein"],"translation":{"provider":"WPGlobus","version":"3.0.2","language":"de","enabled_languages":["de","en"],"languages":{"de":{"title":true,"content":true,"excerpt":false},"en":{"title":false,"content":false,"excerpt":false}}},"_links":{"self":[{"href":"https:\/\/www.spring-reiter.de\/index.php\/wp-json\/wp\/v2\/posts\/60976","targetHints":{"allow":["GET"]}}],"collection":[{"href":"https:\/\/www.spring-reiter.de\/index.php\/wp-json\/wp\/v2\/posts"}],"about":[{"href":"https:\/\/www.spring-reiter.de\/index.php\/wp-json\/wp\/v2\/types\/post"}],"author":[{"embeddable":true,"href":"https:\/\/www.spring-reiter.de\/index.php\/wp-json\/wp\/v2\/users\/2"}],"replies":[{"embeddable":true,"href":"https:\/\/www.spring-reiter.de\/index.php\/wp-json\/wp\/v2\/comments?post=60976"}],"version-history":[{"count":0,"href":"https:\/\/www.spring-reiter.de\/index.php\/wp-json\/wp\/v2\/posts\/60976\/revisions"}],"wp:featuredmedia":[{"embeddable":true,"href":"https:\/\/www.spring-reiter.de\/index.php\/wp-json\/wp\/v2\/media\/16806"}],"wp:attachment":[{"href":"https:\/\/www.spring-reiter.de\/index.php\/wp-json\/wp\/v2\/media?parent=60976"}],"wp:term":[{"taxonomy":"category","embeddable":true,"href":"https:\/\/www.spring-reiter.de\/index.php\/wp-json\/wp\/v2\/categories?post=60976"},{"taxonomy":"post_tag","embeddable":true,"href":"https:\/\/www.spring-reiter.de\/index.php\/wp-json\/wp\/v2\/tags?post=60976"}],"curies":[{"name":"wp","href":"https:\/\/api.w.org\/{rel}","templated":true}]}}