{"id":61564,"date":"2023-03-27T13:20:27","date_gmt":"2023-03-27T11:20:27","guid":{"rendered":"https:\/\/www.spring-reiter.de\/?p=61564"},"modified":"2023-03-27T13:20:31","modified_gmt":"2023-03-27T11:20:31","slug":"folge-des-ukraine-kriegs-palaestina-und-nordmazedonien-werden-zu-reit-nationen","status":"publish","type":"post","link":"https:\/\/www.spring-reiter.de\/index.php\/2023\/03\/27\/folge-des-ukraine-kriegs-palaestina-und-nordmazedonien-werden-zu-reit-nationen\/","title":{"rendered":"Folge des Ukraine-Kriegs: Pal\u00e4stina und Nordmazedonien werden zu Reit-Nationen"},"content":{"rendered":"\n<p>Was macht ein russischer Reiter, der in der Zeit des Ukraine-Kriegs weiter international starten will? Als Russe darf er es nicht, also wechselt er den Pass und die Flagge, unter der er antritt. Auf diese Weise ist pl\u00f6tzlich Pal\u00e4stina zu einer internationalen Gr\u00f6\u00dfe im Parcours geworden. Im Jahr 2020 waren ganze neun Reiter bei der FEI registriert, die f\u00fcr Pal\u00e4stina starteten, und f\u00fcnf Pferde \u2013 im Jahr 2021 gar keins mehr. Aber nachdem die FEI als Folge des russischen \u00dcberfalls auf die Ukraine am 28. Februar 2022 alle Turniere in Russland und Belarus gestrichen sowie am 2. M\u00e4rz 2022 auch alle russischen und belarussischen Athleten, Offizielle und Pferde gesperrt hatte, wurde Pal\u00e4stina zur hippologischen Gr\u00f6\u00dfe: Im Verlauf des Jahres 2022 wuchs die Zahl der f\u00fcr Pal\u00e4stina startenden Reiter auf 70 und die Zahl der in Pal\u00e4stina registrierten Pferde auf 50.<\/p>\n\n\n\n<p>Umziehen mussten sie daf\u00fcr nicht, denn die Heimatbasis der russischen Top-Reiter ist ohnehin nicht mehr ihr Heimatland. Zu denen, die als Russen jetzt unter pal\u00e4stinensischer Flagge starten, geh\u00f6rt auch der U25-Reiter Egor Shchibrik, den wegen seines gro\u00dfen Talents die Young Riders Academy gerade in ihr F\u00f6rderprogramm aufgenommen hat. Zuhause ist er mit seiner Dressur reitenden Ehefrau Aleksandra und den Pferden seit 2020 im niederl\u00e4ndischen Nordbrabant, in Rucphen.<\/p>\n\n\n\n<p>\u00c4hnliches gilt f\u00fcr seinen Landsmann Vladimir Tuganov, der sogar Vizepr\u00e4sident des russischen Reiterverbandes war und seit Jahren zu den Stammg\u00e4sten der Turniere im arabischen Raum geh\u00f6rt: Zweimal, 2004 und 2012, war er f\u00fcr sein Heimatland bei Olympischen Spielen an den Start gegangen, aber nach der internationalen Sperre wechselte auch er unter die Flagge Pal\u00e4stinas. Mit 61 Jahren, so sagte es sein Team-Kollege Vladimir Beletsky, habe er eben nicht mehr viel Zeit, die ihm als aktiver Reiter noch verbleibe. Und in Paris 2024 wolle er unbedingt noch einmal an seinen dritten Olympischen Spielen teilnehmen \u2013 dann eben f\u00fcr Pal\u00e4stina. Umziehen muss auch er nicht: Seine Homebase ist schon lange die Milestone Farm in Tienray, ebenfalls in den Niederlanden.<\/p>\n\n\n\n<p>Nicht die pal\u00e4stinensische, sondern die nordmazedonische Flagge w\u00e4hlte ein Anderer, den der Bann f\u00fcr russische Reiter traf: Aleksandr Onishchenko, im ukrainischen \u00d6l- und Gasgesch\u00e4ft reich geworden, der einst als Pr\u00e4sident des ukrainischen Reitverbandes im Ausland Reiter mit Pferden ausstattete, damit die im Gegenzug die ukrainische Staatsb\u00fcrgerschaft annahmen und ein Nationenpreisteam f\u00fcr sein Heimatland bildeten. Die beiden Deutschen Ulrich Kirchhoff und Ren\u00e9 Tebbel starten immer noch unter ukrainischer Flagge.<\/p>\n\n\n\n<p>Aber Onishchenko geriet in der Ukraine in Schwierigkeiten, wurde strafrechtlich verfolgt und floh ins Ausland. Inzwischen hat er seine Heimat in Russland und im nieders\u00e4chsischen Herzlake und startete f\u00fcr Russland. Bis der internationale Bann die Sportler aus dem Land des Kriegsherrn Putin traf. \u201eIch durfte seit einem halben Jahr auf kein Turnier\u201c, klagte Aleksandr Onischenko im vergangenen August gegen\u00fcber spring-reiter.de. Mit dem Reitverband Nordmazedoniens verabredete er, dass er f\u00fcr den EU-Beitrittskandidaten startet. \u201eAlles official\u201c, betonte der Reiter. Der Verband hat mit der Regierung gesprochen \u2013 und Onishchenko hatte auch die mazedonische Staatsb\u00fcrgerschaft samt ordentlichem Personalausweis.<\/p>\n\n\n\n<p>Onishchenko blieb nicht allein: Aus zwei bis drei bei der FEI registrierten Reitern wurden 2022 quasi \u00fcber Nacht elf, aus null Pferden 2020 wurden zehn.<\/p>\n","protected":false},"excerpt":{"rendered":"<p>Was macht ein russischer Reiter, der in der Zeit des Ukraine-Kriegs weiter international starten will? Als Russe darf er es nicht, also wechselt er den Pass und die Flagge, unter der er antritt. Auf diese Weise ist pl\u00f6tzlich Pal\u00e4stina zu einer internationalen Gr\u00f6\u00dfe im Parcours geworden. Im Jahr 2020 waren &hellip; <a class=\"kt-excerpt-readmore\" href=\"https:\/\/www.spring-reiter.de\/index.php\/2023\/03\/27\/folge-des-ukraine-kriegs-palaestina-und-nordmazedonien-werden-zu-reit-nationen\/\" aria-label=\"Folge des Ukraine-Kriegs: Pal\u00e4stina und Nordmazedonien werden zu Reit-Nationen\">Weiterlesen<\/a><\/p>\n","protected":false},"author":3,"featured_media":61569,"comment_status":"closed","ping_status":"open","sticky":false,"template":"","format":"standard","meta":{"footnotes":""},"categories":[1],"tags":[],"class_list":["post-61564","post","type-post","status-publish","format-standard","has-post-thumbnail","hentry","category-allgemein"],"translation":{"provider":"WPGlobus","version":"3.0.2","language":"de","enabled_languages":["de","en"],"languages":{"de":{"title":true,"content":true,"excerpt":false},"en":{"title":false,"content":false,"excerpt":false}}},"_links":{"self":[{"href":"https:\/\/www.spring-reiter.de\/index.php\/wp-json\/wp\/v2\/posts\/61564","targetHints":{"allow":["GET"]}}],"collection":[{"href":"https:\/\/www.spring-reiter.de\/index.php\/wp-json\/wp\/v2\/posts"}],"about":[{"href":"https:\/\/www.spring-reiter.de\/index.php\/wp-json\/wp\/v2\/types\/post"}],"author":[{"embeddable":true,"href":"https:\/\/www.spring-reiter.de\/index.php\/wp-json\/wp\/v2\/users\/3"}],"replies":[{"embeddable":true,"href":"https:\/\/www.spring-reiter.de\/index.php\/wp-json\/wp\/v2\/comments?post=61564"}],"version-history":[{"count":0,"href":"https:\/\/www.spring-reiter.de\/index.php\/wp-json\/wp\/v2\/posts\/61564\/revisions"}],"wp:featuredmedia":[{"embeddable":true,"href":"https:\/\/www.spring-reiter.de\/index.php\/wp-json\/wp\/v2\/media\/61569"}],"wp:attachment":[{"href":"https:\/\/www.spring-reiter.de\/index.php\/wp-json\/wp\/v2\/media?parent=61564"}],"wp:term":[{"taxonomy":"category","embeddable":true,"href":"https:\/\/www.spring-reiter.de\/index.php\/wp-json\/wp\/v2\/categories?post=61564"},{"taxonomy":"post_tag","embeddable":true,"href":"https:\/\/www.spring-reiter.de\/index.php\/wp-json\/wp\/v2\/tags?post=61564"}],"curies":[{"name":"wp","href":"https:\/\/api.w.org\/{rel}","templated":true}]}}