{"id":61899,"date":"2023-04-09T06:14:25","date_gmt":"2023-04-09T04:14:25","guid":{"rendered":"https:\/\/www.spring-reiter.de\/?p=61899"},"modified":"2023-04-09T12:26:52","modified_gmt":"2023-04-09T10:26:52","slug":"er-gab-nicht-auf-henrik-von-eckermann-und-king-edward-sind-die-worldcup-champions-von-omaha","status":"publish","type":"post","link":"https:\/\/www.spring-reiter.de\/index.php\/2023\/04\/09\/er-gab-nicht-auf-henrik-von-eckermann-und-king-edward-sind-die-worldcup-champions-von-omaha\/","title":{"rendered":"Er gab nicht auf: Henrik von Eckermann und King Edward sind die Worldcup-Champions von Omaha"},"content":{"rendered":"\n<p>Er konnte es selber kaum glauben und war am Ende sichtlich \u00fcberw\u00e4ltigt: Nach einem Sieg in Runde eins beim Weltcup-Finale in Omaha, einem Fehler in Runde zwei, der ihn auf Rang zehn zur\u00fcckwarf &#8211; k\u00e4mpfte sich Henrik von Eckermann mit seinem King Edward (v. Edward) im Finale am Samstag \u00fcber zwei Runden zur\u00fcck an die Spitze und sprang ganz oben auf das Treppchen. Und das, obwohl er in der ersten Runde am Samstag mit einem Abwurf aus dem Parcours kam. In der zweiten Runde blieb dann alles liegen und am Ende standen f\u00fcnf Strafpunkte im Protokoll des Weltmeisters. Das reichte f\u00fcr den Titel Worldcup Champion 2023. Platz zwei ging, wie im letzten Jahr, wieder an Harrie Smolders und seinen Holsteiner Monaco N.O.P. (v., Cassini II) mit neun Strafpunkten vor Hunter Holloway mit Pepita con Spita (v. DSP Con Spirit) und elf Fehlerpunkten. Bester Deutscher war der Weltcup-Deb\u00fctant Richard Vogel mit seinem Untited Touch S (v. Untouched) auf Platz acht. Janne Friederike Meyer-Zimmermann und Messi van&#8217;t Ruytershof (v. Plot Blue) sprangen bei ihrem ersten Weltcupfinale auf Platz 15. <\/p>\n\n\n\n<p>Das Finale verlangte Reitern und Pferden \u00fcber zwei Runden noch einmal alles ab. Nur drei Paare blieben in der ersten Runde ohne Fehler: Harrie Smolders mit Monaco N.O.P., der Titelverteidiger Martin Fuchs mit Leone Jei (v. Baltic VDL) und Denis Lynch mit Brooklyn Heights (v. Nabab de Reve), der mit einer Doppel-Null-Runde auch die Pr\u00fcfung gewann. <\/p>\n\n\n\n<p>Der strahlende Sieger des Abends war allerdings <strong>Henrik von Eckermann<\/strong>: &#8222;Es war so ein Hoch und Runter an diesem Wochenende. Aber ich bin so, wenn ich irgendwo noch eine Chance sehe zu gewinnen, dann gebe ich nicht auf&#8220;, freute sich der neue Weltcup Sieger. Der nat\u00fcrlich auch davon profitierte, dass die bis dahin F\u00fchrenden Andreas Schou mit Darc de Lux (v. Darco) und Pius Schwizer mit Vancouver de Lanlore (v. Toulon) \u00fcber die zwei Final-Runden sich jeweils drei Abw\u00fcrfe einhandelten. Sie rutschten auf die Pl\u00e4tze f\u00fcnf und sechs ab. <\/p>\n\n\n\n<p>Etwas Pech hatten auch die Sieger der zweiten Pr\u00fcfung am Donnerstag, <strong>Richard Vogel<\/strong> und United Touch S: Auf der Schlusslinie in Runde A wurde es f\u00fcr United mit seinem gro\u00dfen Galopp etwas eng und so gingen in der Dreifachen Kombination die letzten beiden Stangen zu Boden und auch der Schlusssprung blieb nicht liegen. In der zweiten Runde zeigte das Dreamteam aus Dagobertshausen dann wieder seine Klasse und nur ein Zeitfehler addierte sich zum Endergebnis von 15 Punkten. Ein toller Auftritt in seinem ersten Weltcup-Finale war es f\u00fcr Richard Vogel mit Platz acht im Endergebnis nat\u00fcrlich trotzdem. Noch im letzten Jahr in Leipzig war er nur als Zuschauer und Daumendr\u00fccker f\u00fcr seinen Kollegen David Will dabei. Diesmal war es umgekehrt und Vogel mischte selber ganz vorne mit.<\/p>\n\n\n\n<p>\u201eIch habe ehrlich gesagt im ersten Umlauf zu viel Angst vor der letzten Linie gehabt, und habe ihn aus der Kraft springen lassen\u201c, sagte Vogel nach dem Wettkampf: \u201eDann war die Kraft in der ersten Runde heute weg. Also geht es total auf meine Kappe.\u201c Dennoch bringe ihm sein erstes Weltcup-Finale \u201eunheimlich viele Erfahrungswerte, gerade auch die erste Runde heute\u201c. <\/p>\n\n\n\n<p>Zufrieden mit ihrem ersten Weltcup-Auftritt war auch <strong>Janne Friederike Meyer-Zimmermann,<\/strong> die sich mit ihrem Messi souver\u00e4n durch das Finale schlug: &#8222;Zun\u00e4chst einmal war es f\u00fcr mich ein Highlight hier dabei zu sein. Das ist ja eigentlich erst Messis erste Hallensaison auf F\u00fcnf-Sterne Niveau. Durch Corona und meine Schwangerschaft hat er gar nicht so viel Routine in der Halle. Diese Halle hier war f\u00fcr uns jetzt auch sehr anspruchsvoll. Die Ma\u00dfe der Halle &#8211; das war schon alles sehr eng, die Spr\u00fcngen sind sehr schnell gekommen. Ich finde, Messi hat ganz klar gezeigt, dass er ein Championats-Pferd ist. Er hat sich in allen Runden total souver\u00e4n gezeigt. Er hat nie mehr als einen Fehler gehabt. Den einen oder anderen Fehler h\u00e4tte ich nat\u00fcrlich gerne noch verhindert, um weiter vorne zu sein. Grunds\u00e4tzlich glaube ich aber auch, dass unsere Hauptst\u00e4rke drau\u00dfen ist. Aber ich denke, wir haben uns hier auf jeden Fall einen Schritt weiter entwickelt. Ich bin einfach stolz auf ihn.&#8220; <\/p>\n\n\n\n<p>Knapp raus aus der zweiten Runde des Finales, in der nur noch die Top-20 starten durften, fielen <strong>Marcus Ehning <\/strong>und Priam du Roset (v. Plot Blue) auf Rang 21. Die beiden waren in Finalrunde eins richtig gut und souver\u00e4n unterwegs. Aber am letzten Hindernis hatte Marcus Pech und eine Stange ging zu Boden. &#8222;Es lief nicht ganz so rund, wie ich es gerne gehabt h\u00e4tte. Dreimal ein Fehler, ich bin dennoch nicht unzufrieden. Es war jetzt nicht so mein Wochenende. Aber mein Pferd ist extrem gut gesprungen. Wir nehmen beide auch viel mit von diesem Weltcup-Finale. Und ich hoffe, ich habe noch ganz viel Spa\u00df mit ihm&#8220;, fasste Ehning seine Erfahrungen bei seinem 20. Weltcup-Finale zusammen. <\/p>\n\n\n\n<p>Auch <strong>Gerrit Nieberg <\/strong>und Blues d&#8217;Aveline CH (v. Baloussini) waren in der zweiten Runde des Finales nur noch Zuschauer, auch wenn sie am Samstag mit nur einem Fehler aus dem Parcours kamen. Insgesamt 26 Punkte reichten f\u00fcr Platz 26. &#8222;Ich bin definitiv mit anderen Erwartungen hergefahren. Nach dem ersten Tag waren nat\u00fcrlich die ganzen Hoffnungen und Erwartungen schon dahin. Ich denke, dass wir uns am zweiten Tag und auch heute im Finale noch gut aus der Aff\u00e4re gezogen haben, mit zwei ordentlichen Runden und jeweils einem Fehler. Mit dem ganzen Verlauf bin ich nat\u00fcrlich nicht zufrieden. Ich bin um eine Erfahrung reicher geworden und wei\u00df, woran ich noch zu Hause arbeiten muss&#8220;, fasst Gerrit Nieberg seinen Omaha-Ausflug zusammen. <\/p>\n\n\n\n<p>Das Fazit von <strong>Bundestrainer Otto Becker<\/strong>: &#8222;Richi holt als Neuling den achten Platz. Da sag ich erst mal Hut ab. Das war Schade zum Schlu\u00df hin, als die Konzentration vielleicht etwas weg war, sonst w\u00e4re er noch weiter nach vorne gekommen. Aber wie gesagt, ich denke, er kann zufrieden sein. Das Pferd hat sich hier super pr\u00e4sentiert. Am Ende ist er bester Deutscher. Marcus hat einfach keinen Lauf gehabt. Das Pferd ist auch heute super gesprungen und kriegt am letzten Sprung einen Netzroller, das war echt schade. Auch Janne Meyer hat hier solide Runden abgeliefert, sie kann auch zufrieden sein. Aber am Ende muss man sagen, wir hatten f\u00fcnf Paare hier, eine super Weltcup-Saison \u00fcber den Winter und wir haben uns hier mehr ausgerechnet. Da k\u00f6nnen wir nicht zufrieden sein. Wir hatten von den F\u00fcnfen nur zwei im Finale dabei. Wir haben nat\u00fcrlich gedacht, wir h\u00e4tten mehr im Finale und k\u00f6nnen weiter nach vorne kommen. Die Gesamtbilanz f\u00e4llt nicht zufriedenstellend aus. Unter dem Strich waren wir zu weit weg von der Spitze.&#8220; <\/p>\n\n\n\n<p>Das ganze Ergebnis: <a href=\"https:\/\/www.longinestiming.com\/equestrian\/2023\/fei-world-cup-finals-omaha-omaha-ne\/resultlist_103.html\">HIER <\/a><\/p>\n","protected":false},"excerpt":{"rendered":"<p>Er konnte es selber kaum glauben und war am Ende sichtlich \u00fcberw\u00e4ltigt: Nach einem Sieg in Runde eins beim Weltcup-Finale in Omaha, einem Fehler in Runde zwei, der ihn auf Rang zehn zur\u00fcckwarf &#8211; k\u00e4mpfte sich Henrik von Eckermann mit seinem King Edward (v. Edward) im Finale am Samstag \u00fcber &hellip; <a class=\"kt-excerpt-readmore\" href=\"https:\/\/www.spring-reiter.de\/index.php\/2023\/04\/09\/er-gab-nicht-auf-henrik-von-eckermann-und-king-edward-sind-die-worldcup-champions-von-omaha\/\" aria-label=\"Er gab nicht auf: Henrik von Eckermann und King Edward sind die Worldcup-Champions von Omaha\">Weiterlesen<\/a><\/p>\n","protected":false},"author":2,"featured_media":61918,"comment_status":"closed","ping_status":"open","sticky":false,"template":"","format":"standard","meta":{"footnotes":""},"categories":[1],"tags":[],"class_list":["post-61899","post","type-post","status-publish","format-standard","has-post-thumbnail","hentry","category-allgemein"],"translation":{"provider":"WPGlobus","version":"3.0.2","language":"de","enabled_languages":["de","en"],"languages":{"de":{"title":true,"content":true,"excerpt":false},"en":{"title":false,"content":false,"excerpt":false}}},"_links":{"self":[{"href":"https:\/\/www.spring-reiter.de\/index.php\/wp-json\/wp\/v2\/posts\/61899","targetHints":{"allow":["GET"]}}],"collection":[{"href":"https:\/\/www.spring-reiter.de\/index.php\/wp-json\/wp\/v2\/posts"}],"about":[{"href":"https:\/\/www.spring-reiter.de\/index.php\/wp-json\/wp\/v2\/types\/post"}],"author":[{"embeddable":true,"href":"https:\/\/www.spring-reiter.de\/index.php\/wp-json\/wp\/v2\/users\/2"}],"replies":[{"embeddable":true,"href":"https:\/\/www.spring-reiter.de\/index.php\/wp-json\/wp\/v2\/comments?post=61899"}],"version-history":[{"count":0,"href":"https:\/\/www.spring-reiter.de\/index.php\/wp-json\/wp\/v2\/posts\/61899\/revisions"}],"wp:featuredmedia":[{"embeddable":true,"href":"https:\/\/www.spring-reiter.de\/index.php\/wp-json\/wp\/v2\/media\/61918"}],"wp:attachment":[{"href":"https:\/\/www.spring-reiter.de\/index.php\/wp-json\/wp\/v2\/media?parent=61899"}],"wp:term":[{"taxonomy":"category","embeddable":true,"href":"https:\/\/www.spring-reiter.de\/index.php\/wp-json\/wp\/v2\/categories?post=61899"},{"taxonomy":"post_tag","embeddable":true,"href":"https:\/\/www.spring-reiter.de\/index.php\/wp-json\/wp\/v2\/tags?post=61899"}],"curies":[{"name":"wp","href":"https:\/\/api.w.org\/{rel}","templated":true}]}}