{"id":62006,"date":"2023-04-13T20:55:47","date_gmt":"2023-04-13T18:55:47","guid":{"rendered":"https:\/\/www.spring-reiter.de\/?p=62006"},"modified":"2023-04-13T20:55:52","modified_gmt":"2023-04-13T18:55:52","slug":"schweizer-springreiter-paul-estermann-fuer-sieben-jahre-fuer-turniere-gesperrt","status":"publish","type":"post","link":"https:\/\/www.spring-reiter.de\/index.php\/2023\/04\/13\/schweizer-springreiter-paul-estermann-fuer-sieben-jahre-fuer-turniere-gesperrt\/","title":{"rendered":"Schweizer Springreiter Paul Estermann f\u00fcr sieben Jahre f\u00fcr Turniere gesperrt!"},"content":{"rendered":"\n<p>Nach der rechtskr\u00e4ftigen strafrechtlichen Verurteilung des Springreiters Paul Estermann wegen mehrfacher vors\u00e4tzlicher Tierqu\u00e4lerei hat die Sanktionskommission des Schweizerischen Verbands f\u00fcr Pferdesport nun auch die verbandsrechtliche Strafe festgelegt: W\u00e4hrend sieben Jahren wird er f\u00fcr die Teilnahme an Pferdesportveranstaltungen gesperrt.<\/p>\n\n\n\n<p>Der Springreiter Paul Estermann wurde mit Urteil des Kantonsgerichts Luzern vom 18. November 2022 der mehrfachen vors\u00e4tzlichen Tierqu\u00e4lerei schuldig gesprochen. Im Anschluss daran leitete die Sanktionskommission (SAKO) des Schweizerischen Verbands f\u00fcr Pferdesport (SVPS) eine verbandsrechtliche Untersuchung ein, denn der SVPS lebt bei Tierschutzvergehen eine Nulltoleranz, die von der SAKO durchgesetzt wird.<\/p>\n\n\n\n<p>Im Rahmen der verbandsrechtlichen Untersuchung wurde Paul Estermann zu einer freiwilligen Befragung eingeladen, worauf der Reiter jedoch verzichtete. F\u00fcr die SAKO untermauert dies das Verhalten des Reiters, der im gesamten Strafverfahren keine Einsicht und auch keine Reue f\u00fcr seine Taten gezeigt hat. Dies war auch im Rahmen des SAKO-Verfahrens der Fall.<\/p>\n\n\n\n<p>Nach Sichtung der Akten des Strafverfahrens stuft die SAKO das Verhalten des Reiters als absolut inakzeptabel ein. Er hat ein Pferd absichtlich mittelschwer verletzt und ihm starke Schmerzen zugef\u00fcgt. Der Reiter hat sich damit den Richtlinien des Pferdesportverbandes widersetzt. Ein solches Verhalten schadet nicht nur dem Image des Pferdesports, sondern auch dem Ansehen des Verbandes sehr.<\/p>\n\n\n\n<p>SAKO-Pr\u00e4sident Thomas R\u00e4ber \u00e4ussert sich mit klaren Worten zu dem Fall: \u00abDie SAKO erachtet das vors\u00e4tzliche, egoistische und aggressive Verhalten des Reiters als eine krasse Missachtung des Wohlergehens des Pferdes.\u00bb Entsprechend sanktioniert die SAKO Paul Estermann mit einer siebenj\u00e4hrigen Sperre. Ausserdem muss er die Verfahrenskosten in H\u00f6he von 1200&nbsp;Franken tragen.<\/p>\n\n\n\n<p>Paul Estermann hat nun die M\u00f6glichkeit, diesen Entscheid der SAKO innerhalb von 20\u00a0Tagen beim Verbandsgericht anzufechten.<\/p>\n\n\n\n<p>Quelle: Schweizerischer Verband f\u00fcr Pferdesport <\/p>\n\n\n\n<p>Infos: <a href=\"https:\/\/www.fnch.ch\/de\/Disziplinen\/Springen\/News-aus-der-Disziplin-2\/Sieben-Jahre-Sperre-fuer-Springreiter-Paul-Estermann.html\">HIER <\/a><\/p>\n","protected":false},"excerpt":{"rendered":"<p>Nach der rechtskr\u00e4ftigen strafrechtlichen Verurteilung des Springreiters Paul Estermann wegen mehrfacher vors\u00e4tzlicher Tierqu\u00e4lerei hat die Sanktionskommission des Schweizerischen Verbands f\u00fcr Pferdesport nun auch die verbandsrechtliche Strafe festgelegt: W\u00e4hrend sieben Jahren wird er f\u00fcr die Teilnahme an Pferdesportveranstaltungen gesperrt. Der Springreiter Paul Estermann wurde mit Urteil des Kantonsgerichts Luzern vom 18. &hellip; <a class=\"kt-excerpt-readmore\" href=\"https:\/\/www.spring-reiter.de\/index.php\/2023\/04\/13\/schweizer-springreiter-paul-estermann-fuer-sieben-jahre-fuer-turniere-gesperrt\/\" aria-label=\"Schweizer Springreiter Paul Estermann f\u00fcr sieben Jahre f\u00fcr Turniere gesperrt!\">Weiterlesen<\/a><\/p>\n","protected":false},"author":2,"featured_media":26505,"comment_status":"closed","ping_status":"open","sticky":false,"template":"","format":"standard","meta":{"footnotes":""},"categories":[1],"tags":[],"class_list":["post-62006","post","type-post","status-publish","format-standard","has-post-thumbnail","hentry","category-allgemein"],"translation":{"provider":"WPGlobus","version":"3.0.2","language":"de","enabled_languages":["de","en"],"languages":{"de":{"title":true,"content":true,"excerpt":false},"en":{"title":false,"content":false,"excerpt":false}}},"_links":{"self":[{"href":"https:\/\/www.spring-reiter.de\/index.php\/wp-json\/wp\/v2\/posts\/62006","targetHints":{"allow":["GET"]}}],"collection":[{"href":"https:\/\/www.spring-reiter.de\/index.php\/wp-json\/wp\/v2\/posts"}],"about":[{"href":"https:\/\/www.spring-reiter.de\/index.php\/wp-json\/wp\/v2\/types\/post"}],"author":[{"embeddable":true,"href":"https:\/\/www.spring-reiter.de\/index.php\/wp-json\/wp\/v2\/users\/2"}],"replies":[{"embeddable":true,"href":"https:\/\/www.spring-reiter.de\/index.php\/wp-json\/wp\/v2\/comments?post=62006"}],"version-history":[{"count":0,"href":"https:\/\/www.spring-reiter.de\/index.php\/wp-json\/wp\/v2\/posts\/62006\/revisions"}],"wp:featuredmedia":[{"embeddable":true,"href":"https:\/\/www.spring-reiter.de\/index.php\/wp-json\/wp\/v2\/media\/26505"}],"wp:attachment":[{"href":"https:\/\/www.spring-reiter.de\/index.php\/wp-json\/wp\/v2\/media?parent=62006"}],"wp:term":[{"taxonomy":"category","embeddable":true,"href":"https:\/\/www.spring-reiter.de\/index.php\/wp-json\/wp\/v2\/categories?post=62006"},{"taxonomy":"post_tag","embeddable":true,"href":"https:\/\/www.spring-reiter.de\/index.php\/wp-json\/wp\/v2\/tags?post=62006"}],"curies":[{"name":"wp","href":"https:\/\/api.w.org\/{rel}","templated":true}]}}