{"id":62026,"date":"2023-04-15T11:27:53","date_gmt":"2023-04-15T09:27:53","guid":{"rendered":"https:\/\/www.spring-reiter.de\/?p=62026"},"modified":"2023-04-15T11:27:56","modified_gmt":"2023-04-15T09:27:56","slug":"holsteiner-pilotprojekt-koerung-vom-13-bis-16-dezember-in-elmshorn","status":"publish","type":"post","link":"https:\/\/www.spring-reiter.de\/index.php\/2023\/04\/15\/holsteiner-pilotprojekt-koerung-vom-13-bis-16-dezember-in-elmshorn\/","title":{"rendered":"Holsteiner Pilotprojekt: K\u00f6rung vom 13. bis 16. Dezember in Elmshorn"},"content":{"rendered":"\n<p>Die Holsteiner K\u00f6rung fand Anfang dieses Jahres erstmals im Februar in den Holstenhallen von Neum\u00fcnster statt. Nach gr\u00fcndlicher Analyse der Premierenveranstaltung haben sich der Vorstand des Verbandes der Z\u00fcchter des Holsteiner Pferdes e.V. und die Gesch\u00e4ftsf\u00fchrer unter Einbezug von Hengsthaltern und -ausbildern dazu entschlossen, im Dezember 2023 die n\u00e4chste Hauptk\u00f6rung durchzuf\u00fchren. Diese wird vom 13. bis 16. Dezember 2023 auf der Verbandsanlage in Elmshorn abgehalten.<\/p>\n\n\n\n<p>Der Standortwechsel von Neum\u00fcnster nach Elmshorn zu dem gew\u00e4hlten Zeitpunkt wird ein Pilotprojekt, das im Vorfeld in verschiedenen Arbeitsgruppen er\u00f6rtert wurde. \u201eWir haben nach der Februar-K\u00f6rung zahlreiche konstruktive Gespr\u00e4che gef\u00fchrt und Meinungsbilder von den Beteiligten eingeholt\u201c, so der Erste Vorsitzende Ulrich Steuber. \u201eMit diesen Ver\u00e4nderungen werden nicht nur Synergieeffekte mit der Durchf\u00fchrung auf der Verbandsanlage genutzt, auch der Zeitraum von der Vorauswahl (30. Oktober bis 3. November) bis zur K\u00f6rung wird im Sinne der Pferde verk\u00fcrzt.\u201c Nach der Pilotveranstaltung werde dann gemeinsam entschieden, an welchem Standort zuk\u00fcnftige Hengstk\u00f6rungen durchgef\u00fchrt werden.<\/p>\n","protected":false},"excerpt":{"rendered":"<p>Die Holsteiner K\u00f6rung fand Anfang dieses Jahres erstmals im Februar in den Holstenhallen von Neum\u00fcnster statt. Nach gr\u00fcndlicher Analyse der Premierenveranstaltung haben sich der Vorstand des Verbandes der Z\u00fcchter des Holsteiner Pferdes e.V. und die Gesch\u00e4ftsf\u00fchrer unter Einbezug von Hengsthaltern und -ausbildern dazu entschlossen, im Dezember 2023 die n\u00e4chste Hauptk\u00f6rung &hellip; <a class=\"kt-excerpt-readmore\" href=\"https:\/\/www.spring-reiter.de\/index.php\/2023\/04\/15\/holsteiner-pilotprojekt-koerung-vom-13-bis-16-dezember-in-elmshorn\/\" aria-label=\"Holsteiner Pilotprojekt: K\u00f6rung vom 13. bis 16. Dezember in Elmshorn\">Weiterlesen<\/a><\/p>\n","protected":false},"author":3,"featured_media":62027,"comment_status":"closed","ping_status":"open","sticky":false,"template":"","format":"standard","meta":{"footnotes":""},"categories":[1],"tags":[],"class_list":["post-62026","post","type-post","status-publish","format-standard","has-post-thumbnail","hentry","category-allgemein"],"translation":{"provider":"WPGlobus","version":"3.0.2","language":"de","enabled_languages":["de","en"],"languages":{"de":{"title":true,"content":true,"excerpt":false},"en":{"title":false,"content":false,"excerpt":false}}},"_links":{"self":[{"href":"https:\/\/www.spring-reiter.de\/index.php\/wp-json\/wp\/v2\/posts\/62026","targetHints":{"allow":["GET"]}}],"collection":[{"href":"https:\/\/www.spring-reiter.de\/index.php\/wp-json\/wp\/v2\/posts"}],"about":[{"href":"https:\/\/www.spring-reiter.de\/index.php\/wp-json\/wp\/v2\/types\/post"}],"author":[{"embeddable":true,"href":"https:\/\/www.spring-reiter.de\/index.php\/wp-json\/wp\/v2\/users\/3"}],"replies":[{"embeddable":true,"href":"https:\/\/www.spring-reiter.de\/index.php\/wp-json\/wp\/v2\/comments?post=62026"}],"version-history":[{"count":0,"href":"https:\/\/www.spring-reiter.de\/index.php\/wp-json\/wp\/v2\/posts\/62026\/revisions"}],"wp:featuredmedia":[{"embeddable":true,"href":"https:\/\/www.spring-reiter.de\/index.php\/wp-json\/wp\/v2\/media\/62027"}],"wp:attachment":[{"href":"https:\/\/www.spring-reiter.de\/index.php\/wp-json\/wp\/v2\/media?parent=62026"}],"wp:term":[{"taxonomy":"category","embeddable":true,"href":"https:\/\/www.spring-reiter.de\/index.php\/wp-json\/wp\/v2\/categories?post=62026"},{"taxonomy":"post_tag","embeddable":true,"href":"https:\/\/www.spring-reiter.de\/index.php\/wp-json\/wp\/v2\/tags?post=62026"}],"curies":[{"name":"wp","href":"https:\/\/api.w.org\/{rel}","templated":true}]}}