{"id":62279,"date":"2023-04-25T16:10:16","date_gmt":"2023-04-25T14:10:16","guid":{"rendered":"https:\/\/www.spring-reiter.de\/?p=62279"},"modified":"2023-04-25T16:10:18","modified_gmt":"2023-04-25T14:10:18","slug":"gruene-saison-beginnt-bei-riesenbeck-international-reiter-aus-13-nationen-am-start","status":"publish","type":"post","link":"https:\/\/www.spring-reiter.de\/index.php\/2023\/04\/25\/gruene-saison-beginnt-bei-riesenbeck-international-reiter-aus-13-nationen-am-start\/","title":{"rendered":"Gr\u00fcne Saison beginnt bei Riesenbeck International\u00a0&#8211; Reiter aus 13 Nationen am Start"},"content":{"rendered":"\n<p>Parcourschef Christian Wiegand ist bereit, sein Team ebenso. Wenn jetzt noch die Sonne zwischen den frischen Bl\u00e4ttern hervorlugt und das Wetter mitspielt, dann steht einem sch\u00f6nen Auftakt der gr\u00fcnen Saison bei Riesenbeck International am Wochenende nichts mehr im Wege.<\/p>\n\n\n\n<p>Neben dem Rasenstadion auf dem gro\u00dfen Sandplatz wird von Donnerstag bis Sonntag ein CSI2*, CSI1* und CSIYH1* f\u00fcr erfahrene Pferde, k\u00fcnftige Stars und Youngsters veranstaltet. 15 Pr\u00fcfungen werden insgesamt ausgetragen. Am Sonntag endet das internationale Turnier, bei dem an allen Tagen der Eintritt frei ist, mit dem CSI2*-Gro\u00dfen Preis von Riesenbeck.<\/p>\n\n\n\n<p>\u201eDies ist der Auftakt einer f\u00fcr uns sehr spannenden Sommersaison\u201c, sagt Turnierleiter Karsten L\u00fctteken, der neben der Organisation der schon \u00fcblichen Late-Entry-Turniere unter der Woche und den Zwei-Sterne-Turnieren an den Wochenenden den Blick bereits in Richtung Longines Global Champions Tour-Etappe (20. bis 23. Juli) und FEI European Championships in Dressur und Para-Dressur (5. bis 10. September) richtet.&nbsp;&nbsp;<\/p>\n\n\n\n<p>Internationale Teilnehmer haben sich angesagt: Chris Chugg aus Australien, Karina Johannpeter aus Brasilien, der \u00c4gypter Abdelrahman Ikram. Aus Deutschland sind bekannte Namen am Start. Allen voran Marcus Ehning, der seinen treuen Funky Fred mitbringt, Eoin McMahon, Christian Kukuk und Philipp Hartmann vom gastgebenden Ausrichter \u2013 beobachtet von den Rekonvaleszenten Ludger Beerbaum und Philipp Weishaupt. Gerngesehen in Riesenbeck ist die immer sch\u00f6n und effektiv reitende Sophie Hinners, aber auch Victoria Gulliksen aus Norwegen.<\/p>\n\n\n\n<p>Alle Informationen unter:&nbsp;<a href=\"http:\/\/www.riesenbeck-international.com\/\">www.riesenbeck-international.com\/<\/a><\/p>\n","protected":false},"excerpt":{"rendered":"<p>Parcourschef Christian Wiegand ist bereit, sein Team ebenso. Wenn jetzt noch die Sonne zwischen den frischen Bl\u00e4ttern hervorlugt und das Wetter mitspielt, dann steht einem sch\u00f6nen Auftakt der gr\u00fcnen Saison bei Riesenbeck International am Wochenende nichts mehr im Wege. Neben dem Rasenstadion auf dem gro\u00dfen Sandplatz wird von Donnerstag bis &hellip; <a class=\"kt-excerpt-readmore\" href=\"https:\/\/www.spring-reiter.de\/index.php\/2023\/04\/25\/gruene-saison-beginnt-bei-riesenbeck-international-reiter-aus-13-nationen-am-start\/\" aria-label=\"Gr\u00fcne Saison beginnt bei Riesenbeck International\u00a0&#8211; Reiter aus 13 Nationen am Start\">Weiterlesen<\/a><\/p>\n","protected":false},"author":2,"featured_media":62280,"comment_status":"closed","ping_status":"open","sticky":false,"template":"","format":"standard","meta":{"footnotes":""},"categories":[1],"tags":[],"class_list":["post-62279","post","type-post","status-publish","format-standard","has-post-thumbnail","hentry","category-allgemein"],"translation":{"provider":"WPGlobus","version":"3.0.2","language":"de","enabled_languages":["de","en"],"languages":{"de":{"title":true,"content":true,"excerpt":false},"en":{"title":false,"content":false,"excerpt":false}}},"_links":{"self":[{"href":"https:\/\/www.spring-reiter.de\/index.php\/wp-json\/wp\/v2\/posts\/62279","targetHints":{"allow":["GET"]}}],"collection":[{"href":"https:\/\/www.spring-reiter.de\/index.php\/wp-json\/wp\/v2\/posts"}],"about":[{"href":"https:\/\/www.spring-reiter.de\/index.php\/wp-json\/wp\/v2\/types\/post"}],"author":[{"embeddable":true,"href":"https:\/\/www.spring-reiter.de\/index.php\/wp-json\/wp\/v2\/users\/2"}],"replies":[{"embeddable":true,"href":"https:\/\/www.spring-reiter.de\/index.php\/wp-json\/wp\/v2\/comments?post=62279"}],"version-history":[{"count":0,"href":"https:\/\/www.spring-reiter.de\/index.php\/wp-json\/wp\/v2\/posts\/62279\/revisions"}],"wp:featuredmedia":[{"embeddable":true,"href":"https:\/\/www.spring-reiter.de\/index.php\/wp-json\/wp\/v2\/media\/62280"}],"wp:attachment":[{"href":"https:\/\/www.spring-reiter.de\/index.php\/wp-json\/wp\/v2\/media?parent=62279"}],"wp:term":[{"taxonomy":"category","embeddable":true,"href":"https:\/\/www.spring-reiter.de\/index.php\/wp-json\/wp\/v2\/categories?post=62279"},{"taxonomy":"post_tag","embeddable":true,"href":"https:\/\/www.spring-reiter.de\/index.php\/wp-json\/wp\/v2\/tags?post=62279"}],"curies":[{"name":"wp","href":"https:\/\/api.w.org\/{rel}","templated":true}]}}