{"id":62359,"date":"2023-04-28T19:44:51","date_gmt":"2023-04-28T17:44:51","guid":{"rendered":"https:\/\/www.spring-reiter.de\/?p=62359"},"modified":"2023-04-28T20:09:53","modified_gmt":"2023-04-28T18:09:53","slug":"nach-ihrem-sieg-in-riesenbeck-marcus-ehning-schickt-calanda-in-die-verdiente-rente","status":"publish","type":"post","link":"https:\/\/www.spring-reiter.de\/index.php\/2023\/04\/28\/nach-ihrem-sieg-in-riesenbeck-marcus-ehning-schickt-calanda-in-die-verdiente-rente\/","title":{"rendered":"Nach ihrem Sieg in Riesenbeck: Marcus Ehning schickt Calanda in die verdiente Rente"},"content":{"rendered":"\n<p>Neun Jahre waren sie ein Dream-Team: Marcus Ehning und seine Schimmelstute Calanda fuhren selten ohne eine Platzierung nach Hause. Noch im letzten Dezember gewann das Paar in London. Nun schickt Marcus Ehning seine Sportpartnerin in den verdienten Ruhestand &#8211; nach einem letzten gemeinsamen Sieg im heutigen CSI2* Hauptspringen in Riesenbeck. Ein gutes Timing und eine tolle Geste von Marcus Ehning gegen\u00fcber seiner verl\u00e4sslichen 15-j\u00e4hrigen Sportpartnerin. <\/p>\n\n\n\n<p>&#8222;Spontan haben wir uns entschieden, Calanda in den verdienten Ruhestand zu schicken. Vielen Dank an die Besitzer, der Familie Nolte, f\u00fcr die jahrelange Treue und Unterst\u00fctzung. Danke Calanda!&#8220;, erkl\u00e4rt Marcus Ehning. <\/p>\n\n\n\n<p>Er hatte die Hannoveraner Stute (v. Calido) bereits sechsj\u00e4hrig von Willi Brunckhorst \u00fcbernommen und bestritt mit ihr etliche Gro\u00dfe Preise und Nationenpreise. <\/p>\n\n\n\n<p>Happy retirement Calanda! <\/p>\n","protected":false},"excerpt":{"rendered":"<p>Neun Jahre waren sie ein Dream-Team: Marcus Ehning und seine Schimmelstute Calanda fuhren selten ohne eine Platzierung nach Hause. Noch im letzten Dezember gewann das Paar in London. Nun schickt Marcus Ehning seine Sportpartnerin in den verdienten Ruhestand &#8211; nach einem letzten gemeinsamen Sieg im heutigen CSI2* Hauptspringen in Riesenbeck. &hellip; <a class=\"kt-excerpt-readmore\" href=\"https:\/\/www.spring-reiter.de\/index.php\/2023\/04\/28\/nach-ihrem-sieg-in-riesenbeck-marcus-ehning-schickt-calanda-in-die-verdiente-rente\/\" aria-label=\"Nach ihrem Sieg in Riesenbeck: Marcus Ehning schickt Calanda in die verdiente Rente\">Weiterlesen<\/a><\/p>\n","protected":false},"author":2,"featured_media":62361,"comment_status":"closed","ping_status":"open","sticky":false,"template":"","format":"standard","meta":{"footnotes":""},"categories":[1],"tags":[],"class_list":["post-62359","post","type-post","status-publish","format-standard","has-post-thumbnail","hentry","category-allgemein"],"translation":{"provider":"WPGlobus","version":"3.0.2","language":"de","enabled_languages":["de","en"],"languages":{"de":{"title":true,"content":true,"excerpt":false},"en":{"title":false,"content":false,"excerpt":false}}},"_links":{"self":[{"href":"https:\/\/www.spring-reiter.de\/index.php\/wp-json\/wp\/v2\/posts\/62359","targetHints":{"allow":["GET"]}}],"collection":[{"href":"https:\/\/www.spring-reiter.de\/index.php\/wp-json\/wp\/v2\/posts"}],"about":[{"href":"https:\/\/www.spring-reiter.de\/index.php\/wp-json\/wp\/v2\/types\/post"}],"author":[{"embeddable":true,"href":"https:\/\/www.spring-reiter.de\/index.php\/wp-json\/wp\/v2\/users\/2"}],"replies":[{"embeddable":true,"href":"https:\/\/www.spring-reiter.de\/index.php\/wp-json\/wp\/v2\/comments?post=62359"}],"version-history":[{"count":0,"href":"https:\/\/www.spring-reiter.de\/index.php\/wp-json\/wp\/v2\/posts\/62359\/revisions"}],"wp:featuredmedia":[{"embeddable":true,"href":"https:\/\/www.spring-reiter.de\/index.php\/wp-json\/wp\/v2\/media\/62361"}],"wp:attachment":[{"href":"https:\/\/www.spring-reiter.de\/index.php\/wp-json\/wp\/v2\/media?parent=62359"}],"wp:term":[{"taxonomy":"category","embeddable":true,"href":"https:\/\/www.spring-reiter.de\/index.php\/wp-json\/wp\/v2\/categories?post=62359"},{"taxonomy":"post_tag","embeddable":true,"href":"https:\/\/www.spring-reiter.de\/index.php\/wp-json\/wp\/v2\/tags?post=62359"}],"curies":[{"name":"wp","href":"https:\/\/api.w.org\/{rel}","templated":true}]}}