{"id":62509,"date":"2023-05-04T20:52:54","date_gmt":"2023-05-04T18:52:54","guid":{"rendered":"https:\/\/www.spring-reiter.de\/?p=62509"},"modified":"2023-05-04T20:52:59","modified_gmt":"2023-05-04T18:52:59","slug":"top-sport-und-familienduelle-beim-pferdefestival-redefin","status":"publish","type":"post","link":"https:\/\/www.spring-reiter.de\/index.php\/2023\/05\/04\/top-sport-und-familienduelle-beim-pferdefestival-redefin\/","title":{"rendered":"Top-Sport und Familienduelle beim Pferdefestival Redefin"},"content":{"rendered":"\n<p>Drei Tage lang &#8211; vom 5. &#8211; 7. Mai &#8211; geht es turbulent zu auf dem Gel\u00e4nde des Landgest\u00fcts Redefin: Dann steht internationaler Spring- und Dressursport im Mittelpunkt vor dem Portal des Reithauses und im Stadion des Paradeplatzes, bev\u00f6lkern Menschen und Pferde aus mehr als 12 Nationen das Gel\u00e4nde, lockt das gastronomische Angebot und der Kinder-Parcours zum spielen. &nbsp;Das Festival hat l\u00e4ngst den Ruf, exzellenten Sport und \u201cPicknickflair\u201d gleicherma\u00dfen zu bieten. All das sch\u00e4tzen Aktive, Z\u00fcchter\/innen und Neugierige gleicherma\u00dfen.<\/p>\n\n\n\n<p><br><strong>Treffpunkt Pferdefestival Redefin<\/strong><br>Beim Pferdefestival hat z.B. Ausbilder Michael Thieme (Redefin) gut zu tun: Da ist einerseits der Sohn, Springreiter-Europameister Andr\u00e9 Thieme und andererseits die Tochter, die mehrmalige LM-Medaillengewinnerin der Dressur, Christina Thieme, denen seine Aufmerksamkeit geh\u00f6rt. Bruder und Schwester gucken sich zudem gegenseitig zu, wenn der Zeitplan es irgendwie erlaubt. Das gilt auch f\u00fcr Felix Ha\u00dfmann und Lena Waldmann (Lienen): Sie ist das Dressurass, er der Top-Springreiter &#8211; Austausch von Disziplin zu Disziplin ist \u201cEhrensache\u201d. Familiensache &#8211; das gilt wie bei Thiemes auch f\u00fcr Kai und Mathies R\u00fcder (Fehmarn). Der Vater ist Medaillengewinner bei WM und EM Vielseitigkeit, z\u00e4hlte mehrmals zum Olympiakader, der Sohn ist Junioren-Europameister Vielseitigkeit und Mutter Petra R\u00fcder (Springreiterin) hilft ihren M\u00e4nnern, wo es geht.<br>&nbsp;<\/p>\n\n\n\n<p><strong>International und famili\u00e4r<\/strong><br>Schwedens Rolf-G\u00f6ran Bengtsson und Andr\u00e9 Thieme z\u00e4hlen genauso zu den Top-Startern beim Pferdefestival wie \u201cRider of the Year\u201d Janne Friederike Meyer-Zimmermann aus Pinneberg oder Gerben Morsink aus den Niederlanden, Sieger im Championat beim Weltcup-Turnier in Neum\u00fcnster oder Eiken Sato (Japan), der bei den Olympischen Spielen in Tokio sehr erfolgreich die Farben seines Landes vertrat.<\/p>\n\n\n\n<p><br>Finnlands Championatsreiterin Enma Kanerva trifft im Dressurviereck in Redefin auf &nbsp;Norwegens Isabel Freese und Maree Tomkinson (Australien). Sogar aus Korea, Indien und Hongkong sind Dressurreiter\/innen beim Pferdefestival Redefin dabei, denn &#8211; das internationale Sportereignis z\u00e4hlt in beiden Disziplinen zu jenen Veranstaltungen, bei denen die Olympiaqualifikation f\u00fcr Paris 2024 m\u00f6glich ist.<\/p>\n\n\n\n<p><br><strong>NDR Sportclub &nbsp;\u00fcbertr\u00e4gt zweimal live<\/strong><br>Der Zugang zum Pferdefestival Redefin ist frei, Eintritt wird nicht erhoben, lediglich Sitzpl\u00e4tze am Springplatz kosten 10 bis 15 Euro (ganzt\u00e4gig). F\u00fcr alle, die weit entfernt von Mecklenburg-Vorpommerns Top-Turnier leben, gibt es eine Alternative:<br>Der NDR Sportclub live \u00fcbertr\u00e4gt die Weltranglistenspringen am Samstag und Sonntag:<br>Samstag, 6. Mai: 16.00 &#8211; 16.45 Uhr Championat des Landes MV &#8211; \u201cLand zum Leben\u201d<br>Sonntag, 7. Mai: 14.15 &#8211; 15.15 Uhr Gro\u00dfer Preis der Deutschen Kreditbank AG<\/p>\n","protected":false},"excerpt":{"rendered":"<p>Drei Tage lang &#8211; vom 5. &#8211; 7. Mai &#8211; geht es turbulent zu auf dem Gel\u00e4nde des Landgest\u00fcts Redefin: Dann steht internationaler Spring- und Dressursport im Mittelpunkt vor dem Portal des Reithauses und im Stadion des Paradeplatzes, bev\u00f6lkern Menschen und Pferde aus mehr als 12 Nationen das Gel\u00e4nde, lockt &hellip; <a class=\"kt-excerpt-readmore\" href=\"https:\/\/www.spring-reiter.de\/index.php\/2023\/05\/04\/top-sport-und-familienduelle-beim-pferdefestival-redefin\/\" aria-label=\"Top-Sport und Familienduelle beim Pferdefestival Redefin\">Weiterlesen<\/a><\/p>\n","protected":false},"author":2,"featured_media":62510,"comment_status":"closed","ping_status":"open","sticky":false,"template":"","format":"standard","meta":{"footnotes":""},"categories":[1],"tags":[],"class_list":["post-62509","post","type-post","status-publish","format-standard","has-post-thumbnail","hentry","category-allgemein"],"translation":{"provider":"WPGlobus","version":"3.0.2","language":"de","enabled_languages":["de","en"],"languages":{"de":{"title":true,"content":true,"excerpt":false},"en":{"title":false,"content":false,"excerpt":false}}},"_links":{"self":[{"href":"https:\/\/www.spring-reiter.de\/index.php\/wp-json\/wp\/v2\/posts\/62509","targetHints":{"allow":["GET"]}}],"collection":[{"href":"https:\/\/www.spring-reiter.de\/index.php\/wp-json\/wp\/v2\/posts"}],"about":[{"href":"https:\/\/www.spring-reiter.de\/index.php\/wp-json\/wp\/v2\/types\/post"}],"author":[{"embeddable":true,"href":"https:\/\/www.spring-reiter.de\/index.php\/wp-json\/wp\/v2\/users\/2"}],"replies":[{"embeddable":true,"href":"https:\/\/www.spring-reiter.de\/index.php\/wp-json\/wp\/v2\/comments?post=62509"}],"version-history":[{"count":0,"href":"https:\/\/www.spring-reiter.de\/index.php\/wp-json\/wp\/v2\/posts\/62509\/revisions"}],"wp:featuredmedia":[{"embeddable":true,"href":"https:\/\/www.spring-reiter.de\/index.php\/wp-json\/wp\/v2\/media\/62510"}],"wp:attachment":[{"href":"https:\/\/www.spring-reiter.de\/index.php\/wp-json\/wp\/v2\/media?parent=62509"}],"wp:term":[{"taxonomy":"category","embeddable":true,"href":"https:\/\/www.spring-reiter.de\/index.php\/wp-json\/wp\/v2\/categories?post=62509"},{"taxonomy":"post_tag","embeddable":true,"href":"https:\/\/www.spring-reiter.de\/index.php\/wp-json\/wp\/v2\/tags?post=62509"}],"curies":[{"name":"wp","href":"https:\/\/api.w.org\/{rel}","templated":true}]}}