{"id":62745,"date":"2023-05-10T22:56:08","date_gmt":"2023-05-10T20:56:08","guid":{"rendered":"https:\/\/www.spring-reiter.de\/?p=62745"},"modified":"2023-05-10T23:23:15","modified_gmt":"2023-05-10T21:23:15","slug":"baby-news-friederike-und-maurice-tebbel-werden-eltern","status":"publish","type":"post","link":"https:\/\/www.spring-reiter.de\/index.php\/2023\/05\/10\/baby-news-friederike-und-maurice-tebbel-werden-eltern\/","title":{"rendered":"Baby-News: Friederike und Maurice Tebbel werden Eltern"},"content":{"rendered":"\n<p>Der kleine Baby-Bauch ist jetzt nicht mehr zu \u00fcbersehen: Und Friederike und Maurice Tebbel, derzeit beim CSI4* in Hohen Wieschendorf, machen aus ihrem Gl\u00fcck auch kein Geheimnis: Ende August werden der Olympia-Reiter und seine im Dressurviereck erfolgreiche Frau das erste Mal Eltern. <\/p>\n\n\n\n<p>F\u00fcr das Paar, das sich im Juni 2020 in Hamburg das Ja-Wort gab, eine Nachricht wertvoller als jede Schleife, jede Medaille. Friederike Tebbel best\u00e4tigt gegen\u00fcber spring-reiter.de jetzt die tollen Baby-News und verr\u00e4t: &#8222;Es wird ein M\u00e4dchen.&#8220; \u00a0<\/p>\n\n\n\n<p>spring-reiter.de w\u00fcnscht den werdenden Eltern alles Gl\u00fcck der Erde!<a href=\"https:\/\/twitter.com\/share?url=https%3A%2F%2Fwww.spring-reiter.de%2Findex.php%2F2022%2F10%2F23%2Fbaby-news-domenika-und-philipp-weishaupt-werden-eltern%2F&amp;text=Baby-News%3A%20Domenika%20und%20Philipp%20Weishaupt%20werden%20Eltern%21\" target=\"_blank\" rel=\"noreferrer noopener\"><\/a><\/p>\n","protected":false},"excerpt":{"rendered":"<p>Der kleine Baby-Bauch ist jetzt nicht mehr zu \u00fcbersehen: Und Friederike und Maurice Tebbel, derzeit beim CSI4* in Hohen Wieschendorf, machen aus ihrem Gl\u00fcck auch kein Geheimnis: Ende August werden der Olympia-Reiter und seine im Dressurviereck erfolgreiche Frau das erste Mal Eltern. F\u00fcr das Paar, das sich im Juni 2020 &hellip; <a class=\"kt-excerpt-readmore\" href=\"https:\/\/www.spring-reiter.de\/index.php\/2023\/05\/10\/baby-news-friederike-und-maurice-tebbel-werden-eltern\/\" aria-label=\"Baby-News: Friederike und Maurice Tebbel werden Eltern\">Weiterlesen<\/a><\/p>\n","protected":false},"author":2,"featured_media":60149,"comment_status":"closed","ping_status":"open","sticky":false,"template":"","format":"standard","meta":{"footnotes":""},"categories":[1],"tags":[],"class_list":["post-62745","post","type-post","status-publish","format-standard","has-post-thumbnail","hentry","category-allgemein"],"translation":{"provider":"WPGlobus","version":"3.0.2","language":"de","enabled_languages":["de","en"],"languages":{"de":{"title":true,"content":true,"excerpt":false},"en":{"title":false,"content":false,"excerpt":false}}},"_links":{"self":[{"href":"https:\/\/www.spring-reiter.de\/index.php\/wp-json\/wp\/v2\/posts\/62745","targetHints":{"allow":["GET"]}}],"collection":[{"href":"https:\/\/www.spring-reiter.de\/index.php\/wp-json\/wp\/v2\/posts"}],"about":[{"href":"https:\/\/www.spring-reiter.de\/index.php\/wp-json\/wp\/v2\/types\/post"}],"author":[{"embeddable":true,"href":"https:\/\/www.spring-reiter.de\/index.php\/wp-json\/wp\/v2\/users\/2"}],"replies":[{"embeddable":true,"href":"https:\/\/www.spring-reiter.de\/index.php\/wp-json\/wp\/v2\/comments?post=62745"}],"version-history":[{"count":0,"href":"https:\/\/www.spring-reiter.de\/index.php\/wp-json\/wp\/v2\/posts\/62745\/revisions"}],"wp:featuredmedia":[{"embeddable":true,"href":"https:\/\/www.spring-reiter.de\/index.php\/wp-json\/wp\/v2\/media\/60149"}],"wp:attachment":[{"href":"https:\/\/www.spring-reiter.de\/index.php\/wp-json\/wp\/v2\/media?parent=62745"}],"wp:term":[{"taxonomy":"category","embeddable":true,"href":"https:\/\/www.spring-reiter.de\/index.php\/wp-json\/wp\/v2\/categories?post=62745"},{"taxonomy":"post_tag","embeddable":true,"href":"https:\/\/www.spring-reiter.de\/index.php\/wp-json\/wp\/v2\/tags?post=62745"}],"curies":[{"name":"wp","href":"https:\/\/api.w.org\/{rel}","templated":true}]}}