{"id":63364,"date":"2023-05-30T18:29:55","date_gmt":"2023-05-30T16:29:55","guid":{"rendered":"https:\/\/www.spring-reiter.de\/?p=63364"},"modified":"2023-05-30T18:29:59","modified_gmt":"2023-05-30T16:29:59","slug":"das-ist-deutschlands-nationenpreis-team-fuer-st-gallen","status":"publish","type":"post","link":"https:\/\/www.spring-reiter.de\/index.php\/2023\/05\/30\/das-ist-deutschlands-nationenpreis-team-fuer-st-gallen\/","title":{"rendered":"Das ist Deutschlands Nationenpreis-Team f\u00fcr St. Gallen"},"content":{"rendered":"\n<p>Es ist die erste FEI Nationenpreis-Etappe des Jahres der Europe Division 1: Vom 1. bis 4. Juni startet die Serie in St. Gallen in der Schweiz in die neue Saison. Auch Deutschland geht hier auf die Jagd nach den wertvollen Punkten f\u00fcr eine Teilnahme im Finale in Barcelona. <\/p>\n\n\n\n<p>Zum Auftakt der Nationenpreis-Serie am Freitag um 16.45 Uhr (Runde eins) hat Bundestrainer Otto Becker Hans-Dieter Dreher, Mario Stevens, David Will, Pia Reich und Marcel Marschall nominiert. <\/p>\n\n\n\n<p>Konkurrenz bekommt Deutschland unter anderem durch die starken Titelverteidiger und Gastgeber: F\u00fcr die Schweiz stehen Steve Guerdat, Martin Fuchs, Bryan Balsiger, Edouard Schmitz und Pius Schwizer zur Verf\u00fcgung. <\/p>\n\n\n\n<p>Die Niederlande sind mit Harrie Smolders, Jur Vrieling, Sanne Thijssen, Kevin Jochems und Loewie Joppen vertreten. Aber auch die Briten bilden mit Harry Charles, Joseph Stockdale, Donald Whitaker und Tim Gredley ein starkes Team. Zus\u00e4tzlich greifen die Franzosen, die Teams aus D\u00e4nemark, \u00d6sterreich und Brasilien in die Entscheidung ein. <\/p>\n\n\n\n<p>Die n\u00e4chsten Nationenpreis-Etappen im Kalender sind Sopot (15. bis 18. Juni), Rotterdam, (22. bis 25. Juni) und Hickstead (26. bis 30. Juli).<\/p>\n\n\n\n<p>Die Startliste f\u00fcr Basel: <a href=\"https:\/\/www.csio.ch\/de\/Info\/Nennungen.html\">HIER<\/a><\/p>\n\n\n\n<p><\/p>\n","protected":false},"excerpt":{"rendered":"<p>Es ist die erste FEI Nationenpreis-Etappe des Jahres der Europe Division 1: Vom 1. bis 4. Juni startet die Serie in St. Gallen in der Schweiz in die neue Saison. Auch Deutschland geht hier auf die Jagd nach den wertvollen Punkten f\u00fcr eine Teilnahme im Finale in Barcelona. Zum Auftakt &hellip; <a class=\"kt-excerpt-readmore\" href=\"https:\/\/www.spring-reiter.de\/index.php\/2023\/05\/30\/das-ist-deutschlands-nationenpreis-team-fuer-st-gallen\/\" aria-label=\"Das ist Deutschlands Nationenpreis-Team f\u00fcr St. Gallen\">Weiterlesen<\/a><\/p>\n","protected":false},"author":2,"featured_media":62614,"comment_status":"closed","ping_status":"open","sticky":false,"template":"","format":"standard","meta":{"footnotes":""},"categories":[1],"tags":[],"class_list":["post-63364","post","type-post","status-publish","format-standard","has-post-thumbnail","hentry","category-allgemein"],"translation":{"provider":"WPGlobus","version":"3.0.2","language":"de","enabled_languages":["de","en"],"languages":{"de":{"title":true,"content":true,"excerpt":false},"en":{"title":false,"content":false,"excerpt":false}}},"_links":{"self":[{"href":"https:\/\/www.spring-reiter.de\/index.php\/wp-json\/wp\/v2\/posts\/63364","targetHints":{"allow":["GET"]}}],"collection":[{"href":"https:\/\/www.spring-reiter.de\/index.php\/wp-json\/wp\/v2\/posts"}],"about":[{"href":"https:\/\/www.spring-reiter.de\/index.php\/wp-json\/wp\/v2\/types\/post"}],"author":[{"embeddable":true,"href":"https:\/\/www.spring-reiter.de\/index.php\/wp-json\/wp\/v2\/users\/2"}],"replies":[{"embeddable":true,"href":"https:\/\/www.spring-reiter.de\/index.php\/wp-json\/wp\/v2\/comments?post=63364"}],"version-history":[{"count":0,"href":"https:\/\/www.spring-reiter.de\/index.php\/wp-json\/wp\/v2\/posts\/63364\/revisions"}],"wp:featuredmedia":[{"embeddable":true,"href":"https:\/\/www.spring-reiter.de\/index.php\/wp-json\/wp\/v2\/media\/62614"}],"wp:attachment":[{"href":"https:\/\/www.spring-reiter.de\/index.php\/wp-json\/wp\/v2\/media?parent=63364"}],"wp:term":[{"taxonomy":"category","embeddable":true,"href":"https:\/\/www.spring-reiter.de\/index.php\/wp-json\/wp\/v2\/categories?post=63364"},{"taxonomy":"post_tag","embeddable":true,"href":"https:\/\/www.spring-reiter.de\/index.php\/wp-json\/wp\/v2\/tags?post=63364"}],"curies":[{"name":"wp","href":"https:\/\/api.w.org\/{rel}","templated":true}]}}