{"id":63473,"date":"2023-06-03T23:35:40","date_gmt":"2023-06-03T21:35:40","guid":{"rendered":"https:\/\/www.spring-reiter.de\/?p=63473"},"modified":"2023-06-03T23:35:46","modified_gmt":"2023-06-03T21:35:46","slug":"sieg-fuer-sophie-hinners-im-2-grand-prix-qualifier-in-kessel","status":"publish","type":"post","link":"https:\/\/www.spring-reiter.de\/index.php\/2023\/06\/03\/sieg-fuer-sophie-hinners-im-2-grand-prix-qualifier-in-kessel\/","title":{"rendered":"Sieg f\u00fcr Sophie Hinners im 2. Grand Prix Qualifier in Kessel"},"content":{"rendered":"\n<p>Am Vortag hatte sie sich im ersten Grand Prix Qualifier in Kessel auf ihrem Vittorio (v. Valentino) noch mit Platz zwei zufriedengeben m\u00fcssen, an diesem Samstag sicherte sich im zweiten Grand Prix Qualifier das Paar im Stechen souver\u00e4n den Sieg. Und wieder musste sich Koen Vereecke mit dem Platz hinter ihr begn\u00fcgen, diesmal mit vier Hundertstel Abstand auf l\u2019Esmeralda Van\u2019T Meulenhof (v. Nabab de Reve).<\/p>\n\n\n\n<p>F\u00fcr den Freund der Siegerin, Richard Vogel, lief es wieder nicht optimal. Mit Evermeta (v. Mr Blue) hatte er am Vortag vorzeitig den Parcours verlassen. An diesem Samstag lieferte er auf der Stute mit 68,29 Sekunden einen der schnellsten Uml\u00e4ufe ab, aber am Ende fiel dann doch noch eine Stange und kostete die Platzierung.<\/p>\n\n\n\n<p>Das komplette Ergebnis <a href=\"https:\/\/online.equipe.com\/en\/class_sections\/823740\" target=\"_blank\" rel=\"noreferrer noopener\">hier<\/a><\/p>\n","protected":false},"excerpt":{"rendered":"<p>Am Vortag hatte sie sich im ersten Grand Prix Qualifier in Kessel auf ihrem Vittorio (v. Valentino) noch mit Platz zwei zufriedengeben m\u00fcssen, an diesem Samstag sicherte sich im zweiten Grand Prix Qualifier das Paar im Stechen souver\u00e4n den Sieg. Und wieder musste sich Koen Vereecke mit dem Platz hinter &hellip; <a class=\"kt-excerpt-readmore\" href=\"https:\/\/www.spring-reiter.de\/index.php\/2023\/06\/03\/sieg-fuer-sophie-hinners-im-2-grand-prix-qualifier-in-kessel\/\" aria-label=\"Sieg f\u00fcr Sophie Hinners im 2. Grand Prix Qualifier in Kessel\">Weiterlesen<\/a><\/p>\n","protected":false},"author":3,"featured_media":63481,"comment_status":"closed","ping_status":"open","sticky":false,"template":"","format":"standard","meta":{"footnotes":""},"categories":[1],"tags":[],"class_list":["post-63473","post","type-post","status-publish","format-standard","has-post-thumbnail","hentry","category-allgemein"],"translation":{"provider":"WPGlobus","version":"3.0.2","language":"de","enabled_languages":["de","en"],"languages":{"de":{"title":true,"content":true,"excerpt":false},"en":{"title":false,"content":false,"excerpt":false}}},"_links":{"self":[{"href":"https:\/\/www.spring-reiter.de\/index.php\/wp-json\/wp\/v2\/posts\/63473","targetHints":{"allow":["GET"]}}],"collection":[{"href":"https:\/\/www.spring-reiter.de\/index.php\/wp-json\/wp\/v2\/posts"}],"about":[{"href":"https:\/\/www.spring-reiter.de\/index.php\/wp-json\/wp\/v2\/types\/post"}],"author":[{"embeddable":true,"href":"https:\/\/www.spring-reiter.de\/index.php\/wp-json\/wp\/v2\/users\/3"}],"replies":[{"embeddable":true,"href":"https:\/\/www.spring-reiter.de\/index.php\/wp-json\/wp\/v2\/comments?post=63473"}],"version-history":[{"count":0,"href":"https:\/\/www.spring-reiter.de\/index.php\/wp-json\/wp\/v2\/posts\/63473\/revisions"}],"wp:featuredmedia":[{"embeddable":true,"href":"https:\/\/www.spring-reiter.de\/index.php\/wp-json\/wp\/v2\/media\/63481"}],"wp:attachment":[{"href":"https:\/\/www.spring-reiter.de\/index.php\/wp-json\/wp\/v2\/media?parent=63473"}],"wp:term":[{"taxonomy":"category","embeddable":true,"href":"https:\/\/www.spring-reiter.de\/index.php\/wp-json\/wp\/v2\/categories?post=63473"},{"taxonomy":"post_tag","embeddable":true,"href":"https:\/\/www.spring-reiter.de\/index.php\/wp-json\/wp\/v2\/tags?post=63473"}],"curies":[{"name":"wp","href":"https:\/\/api.w.org\/{rel}","templated":true}]}}