{"id":63572,"date":"2023-06-07T12:20:39","date_gmt":"2023-06-07T10:20:39","guid":{"rendered":"https:\/\/www.spring-reiter.de\/?p=63572"},"modified":"2023-06-07T12:23:00","modified_gmt":"2023-06-07T10:23:00","slug":"marcus-ehning-verabschiedet-auch-a-la-carte-nrw-aus-dem-sport","status":"publish","type":"post","link":"https:\/\/www.spring-reiter.de\/index.php\/2023\/06\/07\/marcus-ehning-verabschiedet-auch-a-la-carte-nrw-aus-dem-sport\/","title":{"rendered":"Marcus Ehning verabschiedet A La Carte NRW aus dem Sport"},"content":{"rendered":"\n<p>Mit A LA CARTE NRW verl\u00e4sst ein hocherfolgreicher Spitzensportler die internationale sportliche B\u00fchne. \u201eEin Pferd, was so best\u00e4ndig immer abgeleistet hat, soll auf dem H\u00f6hepunkt gehen\u201c, sagt Marcus Ehning. Die Entscheidung sei nicht leicht gefallen, gemeinschaftlich habe man sich dazu entschieden, den f\u00fcnfzehnj\u00e4hrigen Landbesch\u00e4ler mit den aktuellen Erfolgen auf dem Heimturnier in Borken aus dem Sport zu verabschieden. Mit dem Sieg des Barrierespringens hat der international erfolgreiche Landbesch\u00e4ler noch einmal eindrucksvoll sein Verm\u00f6gen, seine sportliche Einstellung und Leistungsbereitschaft dokumentiert. Den verdienten Ruhestand wird A LA CARTE NRW im NRW Landgest\u00fct verbringen, dort hat er bereits wieder seine Box bezogen.<\/p>\n\n\n\n<p>A LA CARTE NRW startete seine Karriere als \u00fcberragender Sieger der NRW Hauptk\u00f6rung. Unter Kendra Claricia Brinkop war er 2016 Dritter und 2017 Vierter bei den Deutschen Meisterschaften sowie siegreich beim Finale des U25-Springpokals beim CHIO Aachen. Zu den sportlichen H\u00f6hepunkten unter Marcus Ehning geh\u00f6ren der Sieg des M\u00e4chtigkeitsspringens in Madrid (2019), der zweite Platz im Gro\u00dfen Preis von Amsterdam (2020), der Sieg in Knocke\/Belgien und Rang vier im EFI-Nationenpreis-Springen mit der deutschen Equipe in Rotterdam (2021), der zweite Rang im Nationenpreis in Hickstead sowie die Bronzemedaille bei den Deutschen Meisterschaften in Balve (2022). Seine Lebensgewinnsumme z\u00e4hlt mittlerweile weit \u00fcber eine Viertelmillion Euro.<\/p>\n\n\n\n<p>Auch als Vererber setzt\u00a0A LA CARTE\u00a0NRW Ma\u00dfst\u00e4be. Seine T\u00f6chter sind seit\u00a0vielen Jahren auf Eliteschau-Pl\u00e4tzen vertreten,\u00a0f\u00fcnf S\u00f6hne erhielten bisher das\u00a0Pr\u00e4dikat gek\u00f6rt und seine Nachkommen\u00a0sind in Springen der Klasse S erfolgreich. In der typischen Machart ihres Vaters zeichnen sie sich vor allem durch ein hohes Ma\u00df an Reiteigenschaften, Charakterst\u00e4rke und durch unbedingtes Verm\u00f6gen aus.<\/p>\n\n\n\n<p>Frischsamen des Hengstes steht bis zum Ende der Decksaison vollumf\u00e4nglich zur Verf\u00fcgung!<\/p>\n","protected":false},"excerpt":{"rendered":"<p>Mit A LA CARTE NRW verl\u00e4sst ein hocherfolgreicher Spitzensportler die internationale sportliche B\u00fchne. \u201eEin Pferd, was so best\u00e4ndig immer abgeleistet hat, soll auf dem H\u00f6hepunkt gehen\u201c, sagt Marcus Ehning. Die Entscheidung sei nicht leicht gefallen, gemeinschaftlich habe man sich dazu entschieden, den f\u00fcnfzehnj\u00e4hrigen Landbesch\u00e4ler mit den aktuellen Erfolgen auf dem &hellip; <a class=\"kt-excerpt-readmore\" href=\"https:\/\/www.spring-reiter.de\/index.php\/2023\/06\/07\/marcus-ehning-verabschiedet-auch-a-la-carte-nrw-aus-dem-sport\/\" aria-label=\"Marcus Ehning verabschiedet A La Carte NRW aus dem Sport\">Weiterlesen<\/a><\/p>\n","protected":false},"author":3,"featured_media":63575,"comment_status":"closed","ping_status":"open","sticky":false,"template":"","format":"standard","meta":{"footnotes":""},"categories":[1],"tags":[],"class_list":["post-63572","post","type-post","status-publish","format-standard","has-post-thumbnail","hentry","category-allgemein"],"translation":{"provider":"WPGlobus","version":"3.0.2","language":"de","enabled_languages":["de","en"],"languages":{"de":{"title":true,"content":true,"excerpt":false},"en":{"title":false,"content":false,"excerpt":false}}},"_links":{"self":[{"href":"https:\/\/www.spring-reiter.de\/index.php\/wp-json\/wp\/v2\/posts\/63572","targetHints":{"allow":["GET"]}}],"collection":[{"href":"https:\/\/www.spring-reiter.de\/index.php\/wp-json\/wp\/v2\/posts"}],"about":[{"href":"https:\/\/www.spring-reiter.de\/index.php\/wp-json\/wp\/v2\/types\/post"}],"author":[{"embeddable":true,"href":"https:\/\/www.spring-reiter.de\/index.php\/wp-json\/wp\/v2\/users\/3"}],"replies":[{"embeddable":true,"href":"https:\/\/www.spring-reiter.de\/index.php\/wp-json\/wp\/v2\/comments?post=63572"}],"version-history":[{"count":0,"href":"https:\/\/www.spring-reiter.de\/index.php\/wp-json\/wp\/v2\/posts\/63572\/revisions"}],"wp:featuredmedia":[{"embeddable":true,"href":"https:\/\/www.spring-reiter.de\/index.php\/wp-json\/wp\/v2\/media\/63575"}],"wp:attachment":[{"href":"https:\/\/www.spring-reiter.de\/index.php\/wp-json\/wp\/v2\/media?parent=63572"}],"wp:term":[{"taxonomy":"category","embeddable":true,"href":"https:\/\/www.spring-reiter.de\/index.php\/wp-json\/wp\/v2\/categories?post=63572"},{"taxonomy":"post_tag","embeddable":true,"href":"https:\/\/www.spring-reiter.de\/index.php\/wp-json\/wp\/v2\/tags?post=63572"}],"curies":[{"name":"wp","href":"https:\/\/api.w.org\/{rel}","templated":true}]}}