{"id":63657,"date":"2023-06-09T15:57:23","date_gmt":"2023-06-09T13:57:23","guid":{"rendered":"https:\/\/www.spring-reiter.de\/?p=63657"},"modified":"2023-06-09T16:06:38","modified_gmt":"2023-06-09T14:06:38","slug":"doppelsieg-fuer-marcus-ehning-in-1-wertungspruefung-zur-deutschen-meisterschaft","status":"publish","type":"post","link":"https:\/\/www.spring-reiter.de\/index.php\/2023\/06\/09\/doppelsieg-fuer-marcus-ehning-in-1-wertungspruefung-zur-deutschen-meisterschaft\/","title":{"rendered":"Doppelsieg f\u00fcr Marcus Ehning in 1. Wertungspr\u00fcfung zur Deutschen Meisterschaft"},"content":{"rendered":"\n<p>&#8222;Ich kann es ja mal versuchen, ich dachte, gewonnen hast du ja eh!&#8220;, lachte Marcus Ehning. Der Stilist im Springsattel hatte gerade eine Meisterleistung vollbracht: Gleich mit zwei Pferden absolvierte die Nummer 21 der Weltrangliste den schweren Parcours in der 1. Wertungspr\u00fcfung zur Deutschen Meisterschaft der Springreiter in Balve ohne Fehler und das auch noch doppelt &#8211; \u00fcber zwei Runden. <\/p>\n\n\n\n<p>Mit Priam du Roset (v. Plot Blue) hatte Ehning nach einer schnellen Zeit von 67.16 Sekunden lange in F\u00fchrung gelegen. Bis er sich am Ende selber noch einmal \u00fcberholte. Als letzter Starter mit der Holsteiner Stute Flower Girl (v. Hickstead) \u00fcberholte er sich selber nach einer noch schnelleren Zeit von 65.49 Sekunden. Das war dann wohl ein Auftakt nach Ma\u00df im Kampf um den Titel Deutscher Meister 2023. <\/p>\n\n\n\n<p>Platz drei sicherte sich Carsten-Otto Nagel mit GK Curacao (v. Clarimo) und einer Zeit von 67.57 Sekunden. Ebenfalls dicht in Schlagdistanz um den Meistertitel dabei und ohne Fehler ist Maurice Tebbel mit seinem Chacco&#8217;s Light (v. Chacco&#8217;s Son) auf Platz vier. Platz f\u00fcnf h\u00e4lt Manuel Beeker fehlerfrei mit Chacci (v. Cornet&#8217;s Prinz) vor Jens Baackmann und der Holsteiner Stute Caja (v. Clarimo). <\/p>\n\n\n\n<p>Am Sonntag um 14.45 Uhr geht es in die Entscheidung \u00fcber zwei weitere Runden. <\/p>\n\n\n\n<p>Das ganze Ergebnis: <a href=\"https:\/\/www.longinestiming.com\/equestrian\/2023\/longines-balve-optimum-balve\/resultlist_14.html\">HIER <\/a><\/p>\n\n\n\n<p><\/p>\n","protected":false},"excerpt":{"rendered":"<p>&#8222;Ich kann es ja mal versuchen, ich dachte, gewonnen hast du ja eh!&#8220;, lachte Marcus Ehning. Der Stilist im Springsattel hatte gerade eine Meisterleistung vollbracht: Gleich mit zwei Pferden absolvierte die Nummer 21 der Weltrangliste den schweren Parcours in der 1. Wertungspr\u00fcfung zur Deutschen Meisterschaft der Springreiter in Balve ohne &hellip; <a class=\"kt-excerpt-readmore\" href=\"https:\/\/www.spring-reiter.de\/index.php\/2023\/06\/09\/doppelsieg-fuer-marcus-ehning-in-1-wertungspruefung-zur-deutschen-meisterschaft\/\" aria-label=\"Doppelsieg f\u00fcr Marcus Ehning in 1. Wertungspr\u00fcfung zur Deutschen Meisterschaft\">Weiterlesen<\/a><\/p>\n","protected":false},"author":2,"featured_media":63661,"comment_status":"closed","ping_status":"open","sticky":false,"template":"","format":"standard","meta":{"footnotes":""},"categories":[1],"tags":[],"class_list":["post-63657","post","type-post","status-publish","format-standard","has-post-thumbnail","hentry","category-allgemein"],"translation":{"provider":"WPGlobus","version":"3.0.2","language":"de","enabled_languages":["de","en"],"languages":{"de":{"title":true,"content":true,"excerpt":false},"en":{"title":false,"content":false,"excerpt":false}}},"_links":{"self":[{"href":"https:\/\/www.spring-reiter.de\/index.php\/wp-json\/wp\/v2\/posts\/63657","targetHints":{"allow":["GET"]}}],"collection":[{"href":"https:\/\/www.spring-reiter.de\/index.php\/wp-json\/wp\/v2\/posts"}],"about":[{"href":"https:\/\/www.spring-reiter.de\/index.php\/wp-json\/wp\/v2\/types\/post"}],"author":[{"embeddable":true,"href":"https:\/\/www.spring-reiter.de\/index.php\/wp-json\/wp\/v2\/users\/2"}],"replies":[{"embeddable":true,"href":"https:\/\/www.spring-reiter.de\/index.php\/wp-json\/wp\/v2\/comments?post=63657"}],"version-history":[{"count":0,"href":"https:\/\/www.spring-reiter.de\/index.php\/wp-json\/wp\/v2\/posts\/63657\/revisions"}],"wp:featuredmedia":[{"embeddable":true,"href":"https:\/\/www.spring-reiter.de\/index.php\/wp-json\/wp\/v2\/media\/63661"}],"wp:attachment":[{"href":"https:\/\/www.spring-reiter.de\/index.php\/wp-json\/wp\/v2\/media?parent=63657"}],"wp:term":[{"taxonomy":"category","embeddable":true,"href":"https:\/\/www.spring-reiter.de\/index.php\/wp-json\/wp\/v2\/categories?post=63657"},{"taxonomy":"post_tag","embeddable":true,"href":"https:\/\/www.spring-reiter.de\/index.php\/wp-json\/wp\/v2\/tags?post=63657"}],"curies":[{"name":"wp","href":"https:\/\/api.w.org\/{rel}","templated":true}]}}