{"id":63700,"date":"2023-06-10T18:27:02","date_gmt":"2023-06-10T16:27:02","guid":{"rendered":"https:\/\/www.spring-reiter.de\/?p=63700"},"modified":"2023-06-10T18:37:45","modified_gmt":"2023-06-10T16:37:45","slug":"mylen-kruse-ist-neue-deutsche-meisterin-im-springreiten","status":"publish","type":"post","link":"https:\/\/www.spring-reiter.de\/index.php\/2023\/06\/10\/mylen-kruse-ist-neue-deutsche-meisterin-im-springreiten\/","title":{"rendered":"Mylen Kruse ist neue Deutsche Meisterin im Springreiten"},"content":{"rendered":"\n<p>Sie war die Einzige, die \u00fcber drei schwere Runden im Kampf um die Deutsche Meisterschaft der Springreiterinnen in Balve ohne einen Abwurf blieb: Mylen Kruse und der 13j\u00e4hrige Westfale Cha Mu (v. Cornado II) leisteten sich insgesamt nur zwei Zeitfehler. Im S3*-Finale am Samstag in Balve \u00fcber zwei Runden standen die 23j\u00e4hrige aus Zeven und der einst von Martin Fuchs gerittene auff\u00e4llig gezeichnete Schwarz-Braune am Ende als die verdienten Sieger da. <\/p>\n\n\n\n<p>&#8222;Der Sieg hier bei der Deutschen Meisterschaft kam f\u00fcr mich sehr, sehr unerwartet. Daher bin ich auch total gl\u00fccklich. Ich habe Cha Mu vor drei Monaten von meinem Chef Patrick D\u00f6ller \u00fcbernommen&#8220;, verr\u00e4t die neue Deutsche Meisterin. Die beiden sind also noch in der Kennlern-Phase. &#8222;Ich finde so langsam heraus, wie ich ihm gerecht werden kann&#8220;, erz\u00e4hlt Mylen Kruse, die ihre Ausbildung im Stall von Janne Meyer absolviert hat. Auch der Charakter von Cha Mu kommt seiner Reiterin entgegen: &#8222;Er ist total verschmust, im Parcours daf\u00fcr total fokussiert.&#8220; <\/p>\n\n\n\n<p>Platz zwei ging an die Deutsche Meisterin von 2018, Angelique R\u00fcsen. Im letzten Jahr stand die Bereiterin von Christian Ahlmann noch als Dritte auf dem Podium. In diesem Jahr sprang sie mit dem erst achtj\u00e4hrigen Crowny (v. Crown Z) auf den zweiten Platz. Das Paar leistete sich \u00fcber drei Runden lediglich einen Netzroller, ein Paar f\u00fcr die Zukunft. Die Silber-Medaillen-Gewinnerin freute sich \u00fcber die tolle Leistung ihres Sportpartners Crowny: &#8222;Ich kenne das Pferd schon lange, habe ihn ausgebildet seit er vier Jahre alt ist. Daher ist das heute f\u00fcr mich etwas ganz Besonders. Crowny war schon Vize-Weltmeister bei den 6j\u00e4hrigen. Ich bin einfach stolz und dankbar, dass ich so ein Pferd reiten darf.&#8220; Balve sei eines ihrer Lieblingsturniere. &#8222;Hier kann immer alles passieren, man muss einfach bis zum Schluss k\u00e4mpfen.&#8220;<\/p>\n\n\n\n<p>Das Podium komplett machte Mynou Diederichsmeier, Deutsche Meisterin von 2019, mit der Hannoveraner Stute Quick and Fly (v. Quaid). Auch dieses Paar hatte lediglich einen Abwurf \u00fcber drei Runden, allerdings das schlechtere Zeitverh\u00e4ltnis. &#8222;Mit meinem Fehler am Donnerstag gingen meine Medaillen-Hoffnungen eigentlich baden. Dann doch noch eine Medaille zu gewinnen, ist ein toller Bonus&#8220;, freute sich Mynou Diederichsmeier, die die Stute selber auf einem kleinen Turnier entdeckt hat.<\/p>\n\n\n\n<p>Knapp an einer Medaille vorbei ritt die Weltmeisterin Simone Blum. Mit der neunj\u00e4hrigen Ovanna DW (v. Jamal vd Heffinck) ging ebenfalls nur eine Stange zu Boden.    <\/p>\n\n\n\n<p>Co-Bundestrainer Marcus D\u00f6ring freute sich im Anschluss: &#8222;Wir haben eine spannende Deutsche Meisterschaft gesehen mit Top-Bedingungen. Am Ende wurde alles noch mal durcheinander gew\u00fcrfelt. Besonders fasziniert hat mich Angi R\u00fcsen mit dem j\u00fcngsten Pferd. Hut ab, das war toller Sport.&#8220;<\/p>\n\n\n\n<p>Das ganze Ergebnis: <a href=\"https:\/\/www.longinestiming.com\/equestrian\/2023\/longines-balve-optimum-balve\/resultlist_DM.html\">HIER <\/a><\/p>\n","protected":false},"excerpt":{"rendered":"<p>Sie war die Einzige, die \u00fcber drei schwere Runden im Kampf um die Deutsche Meisterschaft der Springreiterinnen in Balve ohne einen Abwurf blieb: Mylen Kruse und der 13j\u00e4hrige Westfale Cha Mu (v. Cornado II) leisteten sich insgesamt nur zwei Zeitfehler. Im S3*-Finale am Samstag in Balve \u00fcber zwei Runden standen &hellip; <a class=\"kt-excerpt-readmore\" href=\"https:\/\/www.spring-reiter.de\/index.php\/2023\/06\/10\/mylen-kruse-ist-neue-deutsche-meisterin-im-springreiten\/\" aria-label=\"Mylen Kruse ist neue Deutsche Meisterin im Springreiten\">Weiterlesen<\/a><\/p>\n","protected":false},"author":2,"featured_media":63703,"comment_status":"closed","ping_status":"open","sticky":false,"template":"","format":"standard","meta":{"footnotes":""},"categories":[1],"tags":[],"class_list":["post-63700","post","type-post","status-publish","format-standard","has-post-thumbnail","hentry","category-allgemein"],"translation":{"provider":"WPGlobus","version":"3.0.2","language":"de","enabled_languages":["de","en"],"languages":{"de":{"title":true,"content":true,"excerpt":false},"en":{"title":false,"content":false,"excerpt":false}}},"_links":{"self":[{"href":"https:\/\/www.spring-reiter.de\/index.php\/wp-json\/wp\/v2\/posts\/63700","targetHints":{"allow":["GET"]}}],"collection":[{"href":"https:\/\/www.spring-reiter.de\/index.php\/wp-json\/wp\/v2\/posts"}],"about":[{"href":"https:\/\/www.spring-reiter.de\/index.php\/wp-json\/wp\/v2\/types\/post"}],"author":[{"embeddable":true,"href":"https:\/\/www.spring-reiter.de\/index.php\/wp-json\/wp\/v2\/users\/2"}],"replies":[{"embeddable":true,"href":"https:\/\/www.spring-reiter.de\/index.php\/wp-json\/wp\/v2\/comments?post=63700"}],"version-history":[{"count":0,"href":"https:\/\/www.spring-reiter.de\/index.php\/wp-json\/wp\/v2\/posts\/63700\/revisions"}],"wp:featuredmedia":[{"embeddable":true,"href":"https:\/\/www.spring-reiter.de\/index.php\/wp-json\/wp\/v2\/media\/63703"}],"wp:attachment":[{"href":"https:\/\/www.spring-reiter.de\/index.php\/wp-json\/wp\/v2\/media?parent=63700"}],"wp:term":[{"taxonomy":"category","embeddable":true,"href":"https:\/\/www.spring-reiter.de\/index.php\/wp-json\/wp\/v2\/categories?post=63700"},{"taxonomy":"post_tag","embeddable":true,"href":"https:\/\/www.spring-reiter.de\/index.php\/wp-json\/wp\/v2\/tags?post=63700"}],"curies":[{"name":"wp","href":"https:\/\/api.w.org\/{rel}","templated":true}]}}