{"id":63712,"date":"2023-06-10T18:38:15","date_gmt":"2023-06-10T16:38:15","guid":{"rendered":"https:\/\/www.spring-reiter.de\/?p=63712"},"modified":"2023-06-10T18:38:16","modified_gmt":"2023-06-10T16:38:16","slug":"henrik-von-eckermann-siegt-in-la-baule-philipp-weishaupt-dritter-im-stechen","status":"publish","type":"post","link":"https:\/\/www.spring-reiter.de\/index.php\/2023\/06\/10\/henrik-von-eckermann-siegt-in-la-baule-philipp-weishaupt-dritter-im-stechen\/","title":{"rendered":"Henrik von Eckermann siegt in La Baule, Philipp Weishaupt Dritter im Stechen"},"content":{"rendered":"\n<p>Auf Doppel-Pech mit Iliana am Freitag im Nationenpreis folgte Doppel-Null und der Sieg mit Glamour Girl am Samstag: Unwiderstehlich zog Henrik von Eckermann auf der zw\u00f6lfj\u00e4hrigen Zirocco Blue-Tochter seine Runde durch den verk\u00fcrzten Stechparcours des Samstag-Hauptspringens in La Baule und gewann den CSIO5* Prix Saur samt 25.000 Euro Preisgeld mit mehr als einer Sekunde Vorsprung vor Gregory Cottard auf Cocaine du Val (v. Mylord Carthago).<\/p>\n\n\n\n<p>Unmittelbar vor dem schwedischen Weltmeister war Philipp Weishaupt ins Stechen gestartet. Auch er lieferte nach den durchwachsenen Nationenpreisrunden am Vortag auf Coby diesmal mit Zineday (v. Zinedine) eine Top-Doppelnull ab. Aber offensichtlich wollte er den erst Neunj\u00e4hrigen im Tempo nicht \u00fcberfordern, so wurde es Rang drei vor Jerome Guery auf Cristel (v. Diamant de Semilly) und Ben Maher auf Point Break (v. Action-Breaker).<\/p>\n\n\n\n<p>Das komplette Ergebnis <a href=\"https:\/\/results.worldsporttiming.com\/event\/141\/competition\/4901\/result\" target=\"_blank\" rel=\"noreferrer noopener\">hier<\/a><\/p>\n","protected":false},"excerpt":{"rendered":"<p>Auf Doppel-Pech mit Iliana am Freitag im Nationenpreis folgte Doppel-Null und der Sieg mit Glamour Girl am Samstag: Unwiderstehlich zog Henrik von Eckermann auf der zw\u00f6lfj\u00e4hrigen Zirocco Blue-Tochter seine Runde durch den verk\u00fcrzten Stechparcours des Samstag-Hauptspringens in La Baule und gewann den CSIO5* Prix Saur samt 25.000 Euro Preisgeld mit &hellip; <a class=\"kt-excerpt-readmore\" href=\"https:\/\/www.spring-reiter.de\/index.php\/2023\/06\/10\/henrik-von-eckermann-siegt-in-la-baule-philipp-weishaupt-dritter-im-stechen\/\" aria-label=\"Henrik von Eckermann siegt in La Baule, Philipp Weishaupt Dritter im Stechen\">Weiterlesen<\/a><\/p>\n","protected":false},"author":3,"featured_media":63713,"comment_status":"closed","ping_status":"open","sticky":false,"template":"","format":"standard","meta":{"footnotes":""},"categories":[1],"tags":[],"class_list":["post-63712","post","type-post","status-publish","format-standard","has-post-thumbnail","hentry","category-allgemein"],"translation":{"provider":"WPGlobus","version":"3.0.2","language":"de","enabled_languages":["de","en"],"languages":{"de":{"title":true,"content":true,"excerpt":false},"en":{"title":false,"content":false,"excerpt":false}}},"_links":{"self":[{"href":"https:\/\/www.spring-reiter.de\/index.php\/wp-json\/wp\/v2\/posts\/63712","targetHints":{"allow":["GET"]}}],"collection":[{"href":"https:\/\/www.spring-reiter.de\/index.php\/wp-json\/wp\/v2\/posts"}],"about":[{"href":"https:\/\/www.spring-reiter.de\/index.php\/wp-json\/wp\/v2\/types\/post"}],"author":[{"embeddable":true,"href":"https:\/\/www.spring-reiter.de\/index.php\/wp-json\/wp\/v2\/users\/3"}],"replies":[{"embeddable":true,"href":"https:\/\/www.spring-reiter.de\/index.php\/wp-json\/wp\/v2\/comments?post=63712"}],"version-history":[{"count":0,"href":"https:\/\/www.spring-reiter.de\/index.php\/wp-json\/wp\/v2\/posts\/63712\/revisions"}],"wp:featuredmedia":[{"embeddable":true,"href":"https:\/\/www.spring-reiter.de\/index.php\/wp-json\/wp\/v2\/media\/63713"}],"wp:attachment":[{"href":"https:\/\/www.spring-reiter.de\/index.php\/wp-json\/wp\/v2\/media?parent=63712"}],"wp:term":[{"taxonomy":"category","embeddable":true,"href":"https:\/\/www.spring-reiter.de\/index.php\/wp-json\/wp\/v2\/categories?post=63712"},{"taxonomy":"post_tag","embeddable":true,"href":"https:\/\/www.spring-reiter.de\/index.php\/wp-json\/wp\/v2\/tags?post=63712"}],"curies":[{"name":"wp","href":"https:\/\/api.w.org\/{rel}","templated":true}]}}