{"id":64149,"date":"2023-06-21T18:18:05","date_gmt":"2023-06-21T16:18:05","guid":{"rendered":"https:\/\/www.spring-reiter.de\/?p=64149"},"modified":"2023-06-21T18:19:10","modified_gmt":"2023-06-21T16:19:10","slug":"hkm-bundeschampionate-eldorado-fuer-pferde-entdecker","status":"publish","type":"post","link":"https:\/\/www.spring-reiter.de\/index.php\/2023\/06\/21\/hkm-bundeschampionate-eldorado-fuer-pferde-entdecker\/","title":{"rendered":"HKM Bundeschampionate &#8211; Eldorado f\u00fcr Pferde-Entdecker: Schon 539 nominiert"},"content":{"rendered":"\n<p>Die HKM Bundeschampionate, in diesem Jahr vom 30. August bis 3. September, sind das Schaufenster der deutschen Pferdezucht, vor allem aber auch der Ort, an dem Zuschauer schon heute die Pferde sehen k\u00f6nnen, die morgen zur Weltspitze geh\u00f6ren. Ein Blick auf gestern und heute beweist es \u2013 und zeigt, dass Starqualit\u00e4ten nicht nur unter den Medaillentr\u00e4gern in Warendorf zu finden sind.<\/p>\n\n\n\n<p>Im Parcours gl\u00e4nzen aktuell unter anderem Marcus Ehnings Oldenburger Hengst <strong>Stargold<\/strong> und der westf\u00e4lische Hengst United Touch S mit Richard Vogel. Stargold v. Stakkato Gold (Z.: Gest\u00fct Sprehe GmbH, L\u00f6ningen) war der erste Bundeschampion der siebenj\u00e4hrigen Springpferde mit Einf\u00fchrung dieser Klasse und geh\u00f6rte 2021 \u2013 damals erst zehnj\u00e4hrig \u2013 zur Silbermannschaft der EM in Riesenbeck.<\/p>\n\n\n\n<p><strong>United Touch S<\/strong> v. Untouched (Z.: Julius-Peter Sinnack, Bocholt) gewann unter Hendrik Dowe die Silbermedaille bei den f\u00fcnfj\u00e4hrigen Springpferden 2017. Mit Richard Vogel siegte der heute Elfj\u00e4hrige 2022 im ersten \u201eEhemaligen-Springen\u201c auf der Burandtwiese auf S-Niveau. Das war ganz am Anfang der gemeinsamen Karriere. Wenige Wochen sp\u00e4ter gewannen sie das Weltcup-Springen in Stuttgart, qualifizierten sich letztlich f\u00fcr das Finale in Omaha und vertraten Deutschland in den Nationenpreisen von Rom und La Baule.<\/p>\n\n\n\n<p>Ein anderes Ehning-Pferd, das schon beim Bundeschampionat f\u00fcr Staunen sorgte, war der von Ludger Beerbaum aus seiner Ratina Z in Anpaarung mit Cornet Obolensky westf\u00e4lisch gezogene Comme il faut, EM-Zweiter 2019 mit der Mannschaft, sechsj\u00e4hrig Silbermedaillengewinner beim Bundeschampionat, damals noch mit Franz-Josef Dahlmann Jun.<\/p>\n\n\n\n<p><strong>Monte Bellini<\/strong> v. Montender (Z.: Marlies Holtgr\u00e4ve, Nottuln), ebenfalls Westfale, war f\u00fcnf- und sechsj\u00e4hrig Bundeschampion mit Philipp Weishaupt und h\u00e4tte eigentlich bei den Olympischen Spielen in London f\u00fcr Deutschland antreten sollen, verletzte sich aber, so dass daraus nichts wurde. Daf\u00fcr gewann das Paar diverse Gro\u00dfe Preise und Nationenpreise auf F\u00fcnf-Sterne-Niveau.<\/p>\n\n\n\n<p>Nicht f\u00fcr Deutschland, sondern erst f\u00fcr Irland (Darragh Kenny), dann die USA (Brian Moggre) und aktuell Gro\u00dfbritannien (Harry Charles) ist der Bundeschampion der f\u00fcnfj\u00e4hrigen Springpferde von 2011 im Einsatz, der OS-Hengst <strong>Cornet\u2019s Balou<\/strong> v. Cornet Obolensky (Z.: Gest\u00fct Lewitz), inzwischen besser bekannt als Balou du Reventon und als solcher unter anderem Zweiter im Gro\u00dfen Preis von Aachen 2021, Teilnehmer an der Europameisterschaft 2019, der Weltmeisterschaft 2022 und zuletzt dem Weltcup-Finale in Omaha.<\/p>\n\n\n\n<p>Der westf\u00e4lische Schimmel <strong>Clooney<\/strong> v. Cornet Obolensky (Z.: Bernd Richter, Ladbergen), Europameister und WM-Silbermedaillengewinner unter Martin Fuchs, war mit seiner Ausbilderin Jana Wargers in Warendorf Siebter im Stechen des S**-Springens f\u00fcr die Siebenj\u00e4hrigen.<\/p>\n\n\n\n<p>Und nicht zu vergessen: <strong>Casall<\/strong> v. Caretino (Z.: Wilfried Thomann, Drelsdorf), schon zu Lebzeiten eine Legende der Holsteiner Springpferdezucht und im Sport ebenfalls eines der besten Springpferde der Welt, Vierter der WM 2014, Mannschafts-Bronzegewinner der EM 2013 in Herning, Sieger der Gesamtwertung der Global Champions Tour 2016 \u2013 und 2005 Dritter beim Bundeschampionat der F\u00fcnfj\u00e4hrigen, schon damals mit Rolf-G\u00f6ran Bengtsson (SWE) im Sattel, der bei Casalls Verabschiedung sagte: \u201eSo ein Pferd bekomme ich nie wieder.\u201c<\/p>\n\n\n\n<p>Dass Warendorf ein Sprungbrett ist, auch wenn es vor Ort nicht f\u00fcr einen Platz unter den Medaillentr\u00e4gern reicht, beweist auch der Blick in den Parcours. Der Rheinl\u00e4nder <strong>Don Diarado<\/strong> v. Diarado (Z.: Dirk Lohmann, Schermbeck-Damm), Mannschaftsbronzegewinner der WM 2018 mit Maurice Tebbel und Teil des Olympiateams 2021, war sechsj\u00e4hrig 22. im Finale. Bei Olympia 2016 ging der westf\u00e4lische Cornet Obolensky-Sohn <strong>Cannavaro<\/strong> (Z.: Robert T\u00f6nnissen, Senden) unter Matias Albarracin f\u00fcr Argentinien. Er war f\u00fcnf- und sechsj\u00e4hrig in Warendorf am Start, erreichte aber keinmal das Finale. Auch Marcus Ehnings f\u00fcr Rio nominierter, aber letztlich wegen einer Verletzung verhinderter <strong>Cornado NRW<\/strong> v. Cornet Obolensky (Z.: Antonius Schulze-Averdiek, Rosendahl) war in Warendorf am Start: F\u00fcnfj\u00e4hrig Platz 23.<\/p>\n\n\n\n<p><strong>Fazit:<\/strong> Talentierte Pferde werden gez\u00fcchtet, Weltpferde werden erkannt und ausgebildet. Zu sehen sind viele von ihnen auch bei den HKM Bundeschampionaten \u2013 auch 2023 wieder, vom 30. August bis 3. September. Vorbeischauen lohnt sich, denn hier gibt es heute schon die Stars von Morgen zu sehen!&nbsp;<\/p>\n\n\n\n<p>Bis zum 30. Juni haben Interessierte die Chance, ihre Tickets zu den g\u00fcnstigsten Konditionen zu erwerben. Ab dem 1. Juli wird der Vorverkaufspreis angehoben und die Eintrittskarten sind dann teurer als zuvor. Wer seine Tickets erst an der Kasse vor Ort kauft, muss mit dem h\u00f6chsten Preis rechnen. Der Vorverkauf lohnt sich also.<br>Die dreistufige Preisstruktur gilt f\u00fcr alle Ticketkategorien: Ob Tages- oder Dauerkarte. Tageskarten gibt es ab 15 Euro. Die neue Preisstruktur ist auch familienfreundlich. Kinder haben nun bis 14 Jahre freien Eintritt (vorher bis zw\u00f6lf). Zus\u00e4tzlich sparen kann man als Pers\u00f6nliches Mitglied der Deutschen Reiterlichen Vereinigung (FN). Pers\u00f6nliche Mitglieder erhalten in allen drei Preisstufen 25 Prozent Erm\u00e4\u00dfigung. Hier geht es zu den Tickets: <a href=\"https:\/\/www.eventim.de\/artist\/bundeschampionate\/\" target=\"_blank\" rel=\"noreferrer noopener\">www.eventim.de\/artist\/bundeschampionate<\/a>. Und weitere Informationen zur Veranstaltung unter <a href=\"https:\/\/www.pferd-aktuell.de\/spitzensport\/bundeschampionate\" target=\"_blank\" rel=\"noreferrer noopener\">www.hkm-bundeschampionate.de<\/a>&nbsp;<\/p>\n\n\n\n<p><strong>Filmtipp:<\/strong> Schrieb nicht nur Bundeschampionatsgeschichte sondern auch Sport- und Zuchtgeschichte: Der Anfang des Jahres im Alter von 30 Jahren verstorbene Hannoveraner Hengst Stakkato. F\u00fcnf Jahre zuvor hat ein Filmteam die Vererberlegende im Ruhestand besucht.<\/p>\n\n\n\n<p>In diesem Jahr sind bisher 539 Pferde f\u00fcr die Bundeschampionate qualifiziert. <em>(fn-press)<\/em><\/p>\n","protected":false},"excerpt":{"rendered":"<p>Die HKM Bundeschampionate, in diesem Jahr vom 30. August bis 3. September, sind das Schaufenster der deutschen Pferdezucht, vor allem aber auch der Ort, an dem Zuschauer schon heute die Pferde sehen k\u00f6nnen, die morgen zur Weltspitze geh\u00f6ren. Ein Blick auf gestern und heute beweist es \u2013 und zeigt, dass &hellip; <a class=\"kt-excerpt-readmore\" href=\"https:\/\/www.spring-reiter.de\/index.php\/2023\/06\/21\/hkm-bundeschampionate-eldorado-fuer-pferde-entdecker\/\" aria-label=\"HKM Bundeschampionate &#8211; Eldorado f\u00fcr Pferde-Entdecker: Schon 539 nominiert\">Weiterlesen<\/a><\/p>\n","protected":false},"author":3,"featured_media":64150,"comment_status":"closed","ping_status":"open","sticky":false,"template":"","format":"standard","meta":{"footnotes":""},"categories":[1],"tags":[],"class_list":["post-64149","post","type-post","status-publish","format-standard","has-post-thumbnail","hentry","category-allgemein"],"translation":{"provider":"WPGlobus","version":"3.0.2","language":"de","enabled_languages":["de","en"],"languages":{"de":{"title":true,"content":true,"excerpt":false},"en":{"title":false,"content":false,"excerpt":false}}},"_links":{"self":[{"href":"https:\/\/www.spring-reiter.de\/index.php\/wp-json\/wp\/v2\/posts\/64149","targetHints":{"allow":["GET"]}}],"collection":[{"href":"https:\/\/www.spring-reiter.de\/index.php\/wp-json\/wp\/v2\/posts"}],"about":[{"href":"https:\/\/www.spring-reiter.de\/index.php\/wp-json\/wp\/v2\/types\/post"}],"author":[{"embeddable":true,"href":"https:\/\/www.spring-reiter.de\/index.php\/wp-json\/wp\/v2\/users\/3"}],"replies":[{"embeddable":true,"href":"https:\/\/www.spring-reiter.de\/index.php\/wp-json\/wp\/v2\/comments?post=64149"}],"version-history":[{"count":0,"href":"https:\/\/www.spring-reiter.de\/index.php\/wp-json\/wp\/v2\/posts\/64149\/revisions"}],"wp:featuredmedia":[{"embeddable":true,"href":"https:\/\/www.spring-reiter.de\/index.php\/wp-json\/wp\/v2\/media\/64150"}],"wp:attachment":[{"href":"https:\/\/www.spring-reiter.de\/index.php\/wp-json\/wp\/v2\/media?parent=64149"}],"wp:term":[{"taxonomy":"category","embeddable":true,"href":"https:\/\/www.spring-reiter.de\/index.php\/wp-json\/wp\/v2\/categories?post=64149"},{"taxonomy":"post_tag","embeddable":true,"href":"https:\/\/www.spring-reiter.de\/index.php\/wp-json\/wp\/v2\/tags?post=64149"}],"curies":[{"name":"wp","href":"https:\/\/api.w.org\/{rel}","templated":true}]}}