{"id":64792,"date":"2023-07-13T10:49:39","date_gmt":"2023-07-13T08:49:39","guid":{"rendered":"https:\/\/www.spring-reiter.de\/?p=64792"},"modified":"2023-07-13T19:33:26","modified_gmt":"2023-07-13T17:33:26","slug":"deutschlands-top-u25-paare-im-championatsmodus","status":"publish","type":"post","link":"https:\/\/www.spring-reiter.de\/index.php\/2023\/07\/13\/deutschlands-top-u25-paare-im-championatsmodus\/","title":{"rendered":"Deutschlands Top-U25 Paare im Championatsmodus"},"content":{"rendered":"\n<p>Seite an Seite mit den internationalen Weltstars werden die besten U25 Springreiter des Deutschlands vom 20. bis 23. Juli ihr K\u00f6nnen im Reitsportzentrum Riesenbeck International unter Beweis stellen. Sie schreiben damit Geschichte, denn sie sind Teil der Premiere der U25 Deutschen Meisterschaft im Springreiten. In der f\u00fcr Herren und Damen gemeinschaftlichen Wertung geht es f\u00fcr die Nachwuchsspringreiter zum ersten Mal in dieser Altersklasse \u00fcber drei S***-Qualifikationen, die allesamt z\u00e4hlen \u2013 ganz so, wie bei einem Senioren-Championat.<\/p>\n\n\n\n<p>F\u00fcr U25-Bundestrainer Peter Teeuwen schlie\u00dft sich damit die letzte L\u00fccke in der Nachwuchsf\u00f6rderung Springreiten. \u201eIch habe mich gefreut, dass die FN-Bundesjugendwartin Heidi van Thiel und ich mit dem Konzept dieses Championats nicht nur die Dieter-Hoffmann-Stiftung als Unterst\u00fctzer gewinnen konnten, sondern auch Riesenbeck als Standort.\u201c Ziel sei es gewesen, einen Austragungsort zu finden, \u201eder f\u00fcr das steht, wonach die U25-Reiter streben\u201c, erz\u00e4hlt Teeuwen. Die Wirkung auf die Reiter, sowie nach au\u00dfen wird durch die parallel stattfindende Longines Global Champions Tour-Etappe nochmal verst\u00e4rkt \u2013 da ist sich der Nachwuchsbundestrainer der drei Altersklassen U18, U21 und U25 sicher.<\/p>\n\n\n\n<p>\u201eEs ist gerade dieser Meisterschafts-Gedanke, der die U25 Deutsche Meisterschaft von anderen Turnierserien wie dem U25 Springpokal nochmal unterscheidet. Hier ist das richtige Management gefragt, diesen Championats-Modus mit dem Zeitspringen zu Beginn haben wir nicht ohne Grund aus den anderen Nachwuchs-Meisterschaften herausgenommen. Das Zeitspringen als erste Pr\u00fcfung hat schon einen besonderen Schwierigkeitsgrad, da Reiter und Pferde hier im Vorw\u00e4rtstempo einen schweren Parcours l\u00f6sen m\u00fcssen. Es folgt dann wie in Senioren-Championaten auch ein Fehler-Zeit-Springen und am Abschlusstag ein Springen mit zwei Uml\u00e4ufen. Reiter und Pferde m\u00fcssen also \u00fcber vier Runden konstant ihre Leistung erbringen. Den Paaren bieten wir damit die Perspektive, sich auf hohem Niveau weiterzuentwickeln\u201c, berichtet Peter Teeuwen. Da verwundert es wenig, dass die Top U25-Paare Deutschlands auch so wenige Wochen nach dem U25 Springpokal-Finale ihre Nennung f\u00fcr Riesenbeck abgegeben haben. Mit dabei sein werden zum Beispiel die drei Besten aus Aachen: Teike Carstensen, S\u00f6nke Fallenberg und Pia-Luise Baur.<\/p>\n\n\n\n<p>Der U25-Bundestrainer sieht es nur noch als eine Frage der Zeit an, bis sich die U25-Reiter auf einem internationalen Championat messen k\u00f6nnen. Der Weltreiterverband (FEI) diskutiert derzeit schon dar\u00fcber. Teeuwen: \u201eF\u00fcr k\u00fcnftige internationale schwere Aufgaben hat die Deutsche Meisterschaft U25 daher einen hohen Stellenwert und k\u00f6nnte f\u00fcr die Teilnehmer in diesem Jahr so etwas wie der kr\u00f6nende Saison-H\u00f6hepunkt sein.\u201c<\/p>\n\n\n\n<p>Einer, dessen Talent schon fr\u00fch erkannt wurde und der in Weltcup-Springen oder auch Aufgaben der Global Champions Tour schon tolle Erfolge feiern konnte, w\u00e4re theoretisch auch f\u00fcr die Teilnahme an der U25-DM berechtigt: Philipp Schulze Topphoff. Mit dem Team Riesenbeck International hat er in der Global Champions League in den vergangenen Monaten mehrere Siege holen k\u00f6nnen. Ob es Peter Teeuwen bedauert, so einen Nachwuchsstar nicht auf der Teilnehmerliste f\u00fcr Riesenbeck zu haben? \u201eNein, eigentlich im Gegenteil\u201c, sagt der 58-J\u00e4hrige: \u201eEs freut mich sogar, denn mit Philipp Schulze Topphoff haben wir es geschafft, ihn genau dahinzubringen, wo wir ihn haben wollen. Wir haben sozusagen unsere Vorarbeit erledigt und ihn nun erfolgreich an den Cheftrainer \u201a\u00fcbergeben\u2018.\u201c Wer wei\u00df, vielleicht wird man nach der Einf\u00fchrung der U25 Deutschen Meisterschaft Springreiten k\u00fcnftig noch mehr junge Gesichter in den ganz gro\u00dfen Springen erleben \u2013 Peter Teeuwen wird seine Sch\u00fctzlinge in der kommenden Woche jedenfalls genau beobachten.<\/p>\n\n\n\n<p>Im Sandstadion der Anlage Riesenbeck International starten die U25-Springreiter am Donnerstag, 20. Juli um 18 Uhr in ihr nationales Championat. An diesem ersten Turniertag ist der Eintritt auf das f\u00fcr die Longines Global Champions Tour \u2013 Etappe edel gestaltete Turniergel\u00e4nde frei \u2013 um 18 Uhr findet die erste Qualifikation statt. &nbsp;Am Freitag wird ab 16.30 Uhr in der zweiten Qualifikation ein Springen \u00fcber 1,45 Meter abgefragt. Und das Finale, bei dem der Deutsche Meistertitel vergeben wird, wird am Samstag um 17.30 Uhr in einem 1,50 Meter -Springen \u00fcber zwei Runden ausgetragen. &nbsp;<\/p>\n\n\n\n<p>Zeitplan: Am Donnerstag (20. Juli) ist der Eintritt auf das f\u00fcr die Longines Global Champions Tour \u2013 Etappe edel gestaltete Turniergel\u00e4nde frei \u2013 um 18 Uhr findet die erste Qualifikation statt. &nbsp;Am Freitag wird ab 16.30 Uhr in der zweiten Qualifikation ein Springen \u00fcber 1,45 Meter abgefragt. Und das Finale, bei dem der Deutsche Meistertitel vergeben wird, &nbsp;wird am Samstag um 17.30 Uhr in einem 1,50 Meter -Springen \u00fcber zwei Runden ausgetragen. &nbsp;<\/p>\n\n\n\n<p>Zeitplan:<a href=\"https:\/\/75329.seu1.cleverreach.com\/c\/42650929\/1bf057c01368-rxq6bo\">www.longinestiming.com\/equestrian\/2023\/longines-global-champions-tour-of-riesenbeck-riesenbeck<\/a><\/p>\n\n\n\n<p>Tickets:&nbsp;<a href=\"https:\/\/75329.seu1.cleverreach.com\/c\/42650930\/1bf057c01368-rxq6bo\">https:\/\/tickets.riesenbeck-international.com\/de\/<\/a><\/p>\n\n\n\n<p>Tickets sind auch an der Tageskasse erh\u00e4ltlich<\/p>\n\n\n\n<p>TV-Berichterstattung:<\/p>\n\n\n\n<ul class=\"wp-block-list\">\n<li>TV \u00fcbertr\u00e4gt alle Pr\u00fcfungen, die nicht zum CSI5* (Global Champions Tour) geh\u00f6ren.<\/li>\n\n\n\n<li>TV \u00fcbertr\u00e4gt alle CSI5* Pr\u00fcfungen<\/li>\n\n\n\n<li>WDR: der WDR \u00fcbertr\u00e4gt am Samstag, 22.07.2023 die Entscheidung in der GCL (2. Runde) von 15.45 \u2013 17.15 Uhr und Sonntag, 23.07.2023 den Gro\u00dfen Preis von Riesenbeck von 15.15 \u2013 17.10 Uhr<\/li>\n<\/ul>\n","protected":false},"excerpt":{"rendered":"<p>Seite an Seite mit den internationalen Weltstars werden die besten U25 Springreiter des Deutschlands vom 20. bis 23. Juli ihr K\u00f6nnen im Reitsportzentrum Riesenbeck International unter Beweis stellen. Sie schreiben damit Geschichte, denn sie sind Teil der Premiere der U25 Deutschen Meisterschaft im Springreiten. In der f\u00fcr Herren und Damen &hellip; <a class=\"kt-excerpt-readmore\" href=\"https:\/\/www.spring-reiter.de\/index.php\/2023\/07\/13\/deutschlands-top-u25-paare-im-championatsmodus\/\" aria-label=\"Deutschlands Top-U25 Paare im Championatsmodus\">Weiterlesen<\/a><\/p>\n","protected":false},"author":2,"featured_media":64335,"comment_status":"closed","ping_status":"open","sticky":false,"template":"","format":"standard","meta":{"footnotes":""},"categories":[1],"tags":[],"class_list":["post-64792","post","type-post","status-publish","format-standard","has-post-thumbnail","hentry","category-allgemein"],"translation":{"provider":"WPGlobus","version":"3.0.2","language":"de","enabled_languages":["de","en"],"languages":{"de":{"title":true,"content":true,"excerpt":false},"en":{"title":false,"content":false,"excerpt":false}}},"_links":{"self":[{"href":"https:\/\/www.spring-reiter.de\/index.php\/wp-json\/wp\/v2\/posts\/64792","targetHints":{"allow":["GET"]}}],"collection":[{"href":"https:\/\/www.spring-reiter.de\/index.php\/wp-json\/wp\/v2\/posts"}],"about":[{"href":"https:\/\/www.spring-reiter.de\/index.php\/wp-json\/wp\/v2\/types\/post"}],"author":[{"embeddable":true,"href":"https:\/\/www.spring-reiter.de\/index.php\/wp-json\/wp\/v2\/users\/2"}],"replies":[{"embeddable":true,"href":"https:\/\/www.spring-reiter.de\/index.php\/wp-json\/wp\/v2\/comments?post=64792"}],"version-history":[{"count":0,"href":"https:\/\/www.spring-reiter.de\/index.php\/wp-json\/wp\/v2\/posts\/64792\/revisions"}],"wp:featuredmedia":[{"embeddable":true,"href":"https:\/\/www.spring-reiter.de\/index.php\/wp-json\/wp\/v2\/media\/64335"}],"wp:attachment":[{"href":"https:\/\/www.spring-reiter.de\/index.php\/wp-json\/wp\/v2\/media?parent=64792"}],"wp:term":[{"taxonomy":"category","embeddable":true,"href":"https:\/\/www.spring-reiter.de\/index.php\/wp-json\/wp\/v2\/categories?post=64792"},{"taxonomy":"post_tag","embeddable":true,"href":"https:\/\/www.spring-reiter.de\/index.php\/wp-json\/wp\/v2\/tags?post=64792"}],"curies":[{"name":"wp","href":"https:\/\/api.w.org\/{rel}","templated":true}]}}