{"id":64843,"date":"2023-07-15T21:54:35","date_gmt":"2023-07-15T19:54:35","guid":{"rendered":"https:\/\/www.spring-reiter.de\/?p=64843"},"modified":"2023-07-15T21:54:40","modified_gmt":"2023-07-15T19:54:40","slug":"sandra-auffarth-dritte-im-falsterbo-derby-andre-thieme-siebter","status":"publish","type":"post","link":"https:\/\/www.spring-reiter.de\/index.php\/2023\/07\/15\/sandra-auffarth-dritte-im-falsterbo-derby-andre-thieme-siebter\/","title":{"rendered":"Sandra Auffarth Dritte im Falsterbo-Derby, Andr\u00e9 Thieme Siebter"},"content":{"rendered":"\n<p>Ein Fehler verhinderte die Teilnahme am Stechen: Sandra Auffarth wird mit Nupafeed\u2019s La Vista (v. Lordanos) Dritte im Falsterbo Derby, einem Weltranglisten-Springen \u00fcber 1,50m. Den Sieg machten im Stechen ein Schweizer und ein f\u00fcr Belgien startender \u00c4gypter unter sich aus: Steve Guerdat holte sich die Goldene Schleife auf Easy Star de Talma (v. Quick Star) mit einer Doppelnull vor Abdel Said, der mit Arpege du Ru (v. Apache d\u2019Adriers) vier Hundertstel langsamer war \u2013 und unterwegs eine Stange fallen lie\u00df.<\/p>\n\n\n\n<p>Ebenfalls ins Geld sprang Andr\u00e9 Thieme mit Contadur (v. Conteros): Er wurde Siebter, auch wenn er drei Springfehler einsammelte, aber dies als Schnellster von sieben 12-Punkte-Reitern.<\/p>\n\n\n\n<p>Das komplette Ergebnis <a href=\"https:\/\/www.longinestiming.com\/equestrian\/2023\/longines-fei-jumping-nations-cup-of-sweden-falsterbo\/resultlist_C7.html\" target=\"_blank\" rel=\"noreferrer noopener\">hier<\/a><\/p>\n","protected":false},"excerpt":{"rendered":"<p>Ein Fehler verhinderte die Teilnahme am Stechen: Sandra Auffarth wird mit Nupafeed\u2019s La Vista (v. Lordanos) Dritte im Falsterbo Derby, einem Weltranglisten-Springen \u00fcber 1,50m. Den Sieg machten im Stechen ein Schweizer und ein f\u00fcr Belgien startender \u00c4gypter unter sich aus: Steve Guerdat holte sich die Goldene Schleife auf Easy Star &hellip; <a class=\"kt-excerpt-readmore\" href=\"https:\/\/www.spring-reiter.de\/index.php\/2023\/07\/15\/sandra-auffarth-dritte-im-falsterbo-derby-andre-thieme-siebter\/\" aria-label=\"Sandra Auffarth Dritte im Falsterbo-Derby, Andr\u00e9 Thieme Siebter\">Weiterlesen<\/a><\/p>\n","protected":false},"author":3,"featured_media":64844,"comment_status":"closed","ping_status":"open","sticky":false,"template":"","format":"standard","meta":{"footnotes":""},"categories":[1],"tags":[],"class_list":["post-64843","post","type-post","status-publish","format-standard","has-post-thumbnail","hentry","category-allgemein"],"translation":{"provider":"WPGlobus","version":"3.0.2","language":"de","enabled_languages":["de","en"],"languages":{"de":{"title":true,"content":true,"excerpt":false},"en":{"title":false,"content":false,"excerpt":false}}},"_links":{"self":[{"href":"https:\/\/www.spring-reiter.de\/index.php\/wp-json\/wp\/v2\/posts\/64843","targetHints":{"allow":["GET"]}}],"collection":[{"href":"https:\/\/www.spring-reiter.de\/index.php\/wp-json\/wp\/v2\/posts"}],"about":[{"href":"https:\/\/www.spring-reiter.de\/index.php\/wp-json\/wp\/v2\/types\/post"}],"author":[{"embeddable":true,"href":"https:\/\/www.spring-reiter.de\/index.php\/wp-json\/wp\/v2\/users\/3"}],"replies":[{"embeddable":true,"href":"https:\/\/www.spring-reiter.de\/index.php\/wp-json\/wp\/v2\/comments?post=64843"}],"version-history":[{"count":0,"href":"https:\/\/www.spring-reiter.de\/index.php\/wp-json\/wp\/v2\/posts\/64843\/revisions"}],"wp:featuredmedia":[{"embeddable":true,"href":"https:\/\/www.spring-reiter.de\/index.php\/wp-json\/wp\/v2\/media\/64844"}],"wp:attachment":[{"href":"https:\/\/www.spring-reiter.de\/index.php\/wp-json\/wp\/v2\/media?parent=64843"}],"wp:term":[{"taxonomy":"category","embeddable":true,"href":"https:\/\/www.spring-reiter.de\/index.php\/wp-json\/wp\/v2\/categories?post=64843"},{"taxonomy":"post_tag","embeddable":true,"href":"https:\/\/www.spring-reiter.de\/index.php\/wp-json\/wp\/v2\/tags?post=64843"}],"curies":[{"name":"wp","href":"https:\/\/api.w.org\/{rel}","templated":true}]}}