{"id":65017,"date":"2023-07-22T20:47:56","date_gmt":"2023-07-22T18:47:56","guid":{"rendered":"https:\/\/www.spring-reiter.de\/?p=65017"},"modified":"2023-07-22T20:54:19","modified_gmt":"2023-07-22T18:54:19","slug":"nach-herzschlagfinale-mylen-kruse-gewinnt-u25-deutsche-meisterschaft-in-riesenbeck","status":"publish","type":"post","link":"https:\/\/www.spring-reiter.de\/index.php\/2023\/07\/22\/nach-herzschlagfinale-mylen-kruse-gewinnt-u25-deutsche-meisterschaft-in-riesenbeck\/","title":{"rendered":"Nach Herzschlagfinale: Mylen Kruse gewinnt U25 Deutsche Meisterschaft in Riesenbeck"},"content":{"rendered":"\n<p>Es war eine Premiere in Riesenbeck: Die U25 Deutsche Meisterschaft \u00fcber vier schwere Runden der Dieter Hofmann Stiftung blieb spannend bis zum Schluss. Am Ende standen drei junge Damen auf dem Podium. Allen voran Mylen Kruse, die erst vor einigen Wochen die Deutsche Meisterschaft der Damen in Balve gewonnen hatte. Im Sattel des DSP-Wallachs Catch me P (v. Cador) war die 23-J\u00e4hrige \u00fcber alle Runden fehlerfrei geblieben. Nach den ersten zwei Runden am Donnerstag und Freitag ging es am Samstag \u00fcber zwei schwere Runden in die Entscheidung. <\/p>\n\n\n\n<p>Bis dahin hatte nach drei super Runden Mia-Charlotte Becker mit Beryl des Pres (v. Popstar Lozonais) in F\u00fchrung gelegen. Doch auf der letzten Runde im Finale fiel dann doch die eine Stange, ein Netzroller, die Goldmedaille war weg und Silber gewonnen. <\/p>\n\n\n\n<p>Platz drei ging an die Siegerin des U25 Springpokals beim CHIO AACHEN, Teike Carstensen, mit ihrer erst neunj\u00e4hrigen Greece (v. Mylord Carthago).<\/p>\n\n\n\n<p>&#8222;Der erste Meisterschaftstitel in Balve kam schon ziemlich unerwartet und das noch mal zu schaffen, ist schon unglaublich&#8220;, freute sich Mylen Kruse nach ihrem Sieg. Und bedankt sich bei dem Veranstalter: &#8222;Wir sind alle sehr dankbar, dass die U25 Deutsche Meisterschaft hier ausgetragen wurde.&#8220;<\/p>\n\n\n\n<p>Auch Mia-Charlotte Becker, die Tochter des Bundestrainers Otto Becker, freute sich \u00fcber ihre Silbermedaille: &#8222;Das ist meine beste Meisterschaft bisher. Vielleicht hat am Ende das letzte Qu\u00e4ntchen Gl\u00fcck gefehlt, aber ich bin trotzdem super zufrieden.&#8220; Auch sie freute sich, in Riesenbeck zu starten: &#8222;Es ist so eine gro\u00dfe Motivation, in so einem Umfeld zu reiten.&#8220;<\/p>\n\n\n\n<p>Ein gro\u00dfes Kompliment an Riesenbeck International f\u00fcr die erste Austragung der U25 Deutsche Meisterschaft gab es von Bundestrainer Otto Becker, der aus zweifacher Sicht ordentlich mitfieberte: &#8222;Wir haben tolle Tage mit Championatscharakter erlebt. Alle k\u00f6nnen hier unheimlich was mitnehmen. Das war top und wir sind froh, dass die neue U25 Meisterschaft hier ist und das soll auch die n\u00e4chsten Jahre so sein. Als Vater bin ich nat\u00fcrlich mega stolz auf Mia, die ja in Riesenbeck mit Christian Kuckuck trainiert.&#8220;<\/p>\n\n\n\n<p>Auch Nachwuchs-Trainer Peter Teeuwen freute sich \u00fcber die gelungene Premiere in Riesenbeck: &#8222;Mit der DM sollen die U25 Reiter einen besseren Anschluss an den Spitzensport bekommen. Und ich w\u00e4re nat\u00fcrlich dankbar, wenn es so bleiben k\u00f6nnte hier in Riesenbeck.&#8220;<\/p>\n\n\n\n<p>F\u00fcr Riesenbeck-Gesch\u00e4ftsf\u00fchrer Karsten L\u00fctteken spricht wenig dagegen aber viel daf\u00fcr: &#8222;F\u00fcr uns war immer klar, dass wir nicht nur ein 5*Turnier machen, sondern ein gro\u00dfes Pferdefest mit umfassenden Pr\u00fcfungen veranstalten wollen. Da passte die U25 Deutsche Meisterschaft perfekt. Ich sehe keinen Grund, warum wir nicht in diese Richtung weitermachen w\u00fcrden.&#8220;<\/p>\n\n\n\n<p>Das ganze Ergebnis: <a href=\"https:\/\/results.hippodata.de\/2023\/2276\/docs\/r_dmu25.pdf\">HIER <\/a><\/p>\n","protected":false},"excerpt":{"rendered":"<p>Es war eine Premiere in Riesenbeck: Die U25 Deutsche Meisterschaft \u00fcber vier schwere Runden der Dieter Hofmann Stiftung blieb spannend bis zum Schluss. Am Ende standen drei junge Damen auf dem Podium. Allen voran Mylen Kruse, die erst vor einigen Wochen die Deutsche Meisterschaft der Damen in Balve gewonnen hatte. &hellip; <a class=\"kt-excerpt-readmore\" href=\"https:\/\/www.spring-reiter.de\/index.php\/2023\/07\/22\/nach-herzschlagfinale-mylen-kruse-gewinnt-u25-deutsche-meisterschaft-in-riesenbeck\/\" aria-label=\"Nach Herzschlagfinale: Mylen Kruse gewinnt U25 Deutsche Meisterschaft in Riesenbeck\">Weiterlesen<\/a><\/p>\n","protected":false},"author":2,"featured_media":65022,"comment_status":"closed","ping_status":"open","sticky":false,"template":"","format":"standard","meta":{"footnotes":""},"categories":[1],"tags":[],"class_list":["post-65017","post","type-post","status-publish","format-standard","has-post-thumbnail","hentry","category-allgemein"],"translation":{"provider":"WPGlobus","version":"3.0.2","language":"de","enabled_languages":["de","en"],"languages":{"de":{"title":true,"content":true,"excerpt":false},"en":{"title":false,"content":false,"excerpt":false}}},"_links":{"self":[{"href":"https:\/\/www.spring-reiter.de\/index.php\/wp-json\/wp\/v2\/posts\/65017","targetHints":{"allow":["GET"]}}],"collection":[{"href":"https:\/\/www.spring-reiter.de\/index.php\/wp-json\/wp\/v2\/posts"}],"about":[{"href":"https:\/\/www.spring-reiter.de\/index.php\/wp-json\/wp\/v2\/types\/post"}],"author":[{"embeddable":true,"href":"https:\/\/www.spring-reiter.de\/index.php\/wp-json\/wp\/v2\/users\/2"}],"replies":[{"embeddable":true,"href":"https:\/\/www.spring-reiter.de\/index.php\/wp-json\/wp\/v2\/comments?post=65017"}],"version-history":[{"count":0,"href":"https:\/\/www.spring-reiter.de\/index.php\/wp-json\/wp\/v2\/posts\/65017\/revisions"}],"wp:featuredmedia":[{"embeddable":true,"href":"https:\/\/www.spring-reiter.de\/index.php\/wp-json\/wp\/v2\/media\/65022"}],"wp:attachment":[{"href":"https:\/\/www.spring-reiter.de\/index.php\/wp-json\/wp\/v2\/media?parent=65017"}],"wp:term":[{"taxonomy":"category","embeddable":true,"href":"https:\/\/www.spring-reiter.de\/index.php\/wp-json\/wp\/v2\/categories?post=65017"},{"taxonomy":"post_tag","embeddable":true,"href":"https:\/\/www.spring-reiter.de\/index.php\/wp-json\/wp\/v2\/tags?post=65017"}],"curies":[{"name":"wp","href":"https:\/\/api.w.org\/{rel}","templated":true}]}}