{"id":65123,"date":"2023-07-26T16:41:52","date_gmt":"2023-07-26T14:41:52","guid":{"rendered":"https:\/\/www.spring-reiter.de\/?p=65123"},"modified":"2023-07-26T16:41:55","modified_gmt":"2023-07-26T14:41:55","slug":"bemer-riders-tour-es-koennte-einen-wechsel-an-der-spitze-geben","status":"publish","type":"post","link":"https:\/\/www.spring-reiter.de\/index.php\/2023\/07\/26\/bemer-riders-tour-es-koennte-einen-wechsel-an-der-spitze-geben\/","title":{"rendered":"Bemer Riders Tour &#8211; Es k\u00f6nnte einen Wechsel an der Spitze geben"},"content":{"rendered":"\n<p>Internationale Springserien sorgen in dieser Woche f\u00fcr reichlich spannende Schlagzeilen in den Medien. Schlag auf Schlag geht es schon am kommenden Wochenende weiter mit der vierten Etappe der BEMER Riders Tour, die im Reitsportzentrum der Familie Frese auf den Immenh\u00f6fen in Donaueschingen stattfindet. Insgesamt 72 Reiter aus elf Nationen mit 124 Pferden haben sich angek\u00fcndigt. In diesem Jahr ist das \u2018Fest der Pferde\u2019 vom 27. bis 30. Juli das einzige internationale Outdoor-Springturnier in diesem Format f\u00fcr internationale Springstars und die Besten aus Baden-W\u00fcrttemberg.<\/p>\n\n\n\n<p>Alles deutet darauf hin, dass das Ranking w\u00e4hrend der vierten Etappe geh\u00f6rig durcheinander gewirbelt werden d\u00fcrfte. Gleich mehrere Kandidaten k\u00f6nnten mit einem Sieg in der Wertungspr\u00fcfung und der maximalen Punktzahl von 20 die begehrte Pole Position in der BEMER Riders Tour erobern. Andere haben die Chance, sich mit einer guten Platzierung weit nach vorne im Ranking zu katapultieren. Das ist zur Halbzeit von Deutschlands einziger, internationaler Springserie besonders wichtig: Nach drei Etappen hat sich noch kein Reiter deutlich absetzen k\u00f6nnen \u2014 das k\u00f6nnte sich im Gro\u00dfen Preis der Immenh\u00f6fe am Sonntagnachmittag schon \u00e4ndern!<\/p>\n\n\n\n<p><strong>Von 13 auf Eins?<\/strong><br>\u00a0<br>Konzentration und Konstanz \u2014 darum geht es in der BEMER Riders Tour. Unter Beweis gestellt haben dies schon die deutschen Springreiterinnen Pia Reich und Simone Blum. Bei zwei Etappen (Hagen a.T.W. und M\u00fcnchen) konnten sie Punkte sammeln und liegen derzeit mit jeweils 11 Punkten auf dem 13. Platz. Mit PB L\u00f6wenherz und PB Djazz d\u2019Arvor beeindruckte Reich unter anderem beim CSIO St. Gallen in diesem Jahr. Blum triumphierte bereits zuvor auf Etappen der Riders Tour. Auch der britische Springreiter James Shore (10 Punkte) und der Bayer Michael Viehweg (6 Punkte) werden alles daran setzen, ihr Riders Tour Konto auszubauen.<\/p>\n\n\n\n<p><strong>Weltspitze garantiert spannenden Sport<\/strong><\/p>\n\n\n\n<p>Zu den Top-Favoriten am Wochenende z\u00e4hlen auch Hans-Dieter Dreher und Edouard Schmitz (SUI). Der junge Schweizer ist sp\u00e4testens seit 2022 in der Weltspitze angekommen, zu der der \u2018alte Hase\u2019 Dreher schon lange z\u00e4hlt. Die Vielseitigkeits-Asse Michael Jung und Felix Vogg (SUI) haben schon oft gezeigt, dass sie auch im Springparcours souver\u00e4n und erfolgreich unterwegs sind. Der dreimalige Olympiasieger, mehrfache Welt- und Europameister und Grand-Slam-Sieger Jung ist Stammgast beim Fest der Pferde auf den Immenh\u00f6fen und sattelt seine geniale Stute fischerChelsea. Bevor es allerdings um wertvolle Punkte f\u00fcr das Ranking geht, wird die Qualifikation entschieden. Am Samstag, dem 29. Juli, geht es ab 15:45 Uhr Uhr im Championat von Donaueschingen darum, zu den besten 50 Paaren zu geh\u00f6ren. Diese d\u00fcrfen dann am Sonntag ab 14:30 Uhr\u00a0im Gro\u00dfen Preis der Immenh\u00f6fe, Preis der F\u00fcrstlich F\u00fcrstenbergischen Brauerei GmbH &amp; Co. KG, in der Wertungspr\u00fcfung der BEMER Riders Tour starten. ClipMyHorse.TV \u00fcbertr\u00e4gt alle Pr\u00fcfungen live.<\/p>\n","protected":false},"excerpt":{"rendered":"<p>Internationale Springserien sorgen in dieser Woche f\u00fcr reichlich spannende Schlagzeilen in den Medien. Schlag auf Schlag geht es schon am kommenden Wochenende weiter mit der vierten Etappe der BEMER Riders Tour, die im Reitsportzentrum der Familie Frese auf den Immenh\u00f6fen in Donaueschingen stattfindet. Insgesamt 72 Reiter aus elf Nationen mit &hellip; <a class=\"kt-excerpt-readmore\" href=\"https:\/\/www.spring-reiter.de\/index.php\/2023\/07\/26\/bemer-riders-tour-es-koennte-einen-wechsel-an-der-spitze-geben\/\" aria-label=\"Bemer Riders Tour &#8211; Es k\u00f6nnte einen Wechsel an der Spitze geben\">Weiterlesen<\/a><\/p>\n","protected":false},"author":3,"featured_media":65124,"comment_status":"closed","ping_status":"open","sticky":false,"template":"","format":"standard","meta":{"footnotes":""},"categories":[1],"tags":[],"class_list":["post-65123","post","type-post","status-publish","format-standard","has-post-thumbnail","hentry","category-allgemein"],"translation":{"provider":"WPGlobus","version":"3.0.2","language":"de","enabled_languages":["de","en"],"languages":{"de":{"title":true,"content":true,"excerpt":false},"en":{"title":false,"content":false,"excerpt":false}}},"_links":{"self":[{"href":"https:\/\/www.spring-reiter.de\/index.php\/wp-json\/wp\/v2\/posts\/65123","targetHints":{"allow":["GET"]}}],"collection":[{"href":"https:\/\/www.spring-reiter.de\/index.php\/wp-json\/wp\/v2\/posts"}],"about":[{"href":"https:\/\/www.spring-reiter.de\/index.php\/wp-json\/wp\/v2\/types\/post"}],"author":[{"embeddable":true,"href":"https:\/\/www.spring-reiter.de\/index.php\/wp-json\/wp\/v2\/users\/3"}],"replies":[{"embeddable":true,"href":"https:\/\/www.spring-reiter.de\/index.php\/wp-json\/wp\/v2\/comments?post=65123"}],"version-history":[{"count":0,"href":"https:\/\/www.spring-reiter.de\/index.php\/wp-json\/wp\/v2\/posts\/65123\/revisions"}],"wp:featuredmedia":[{"embeddable":true,"href":"https:\/\/www.spring-reiter.de\/index.php\/wp-json\/wp\/v2\/media\/65124"}],"wp:attachment":[{"href":"https:\/\/www.spring-reiter.de\/index.php\/wp-json\/wp\/v2\/media?parent=65123"}],"wp:term":[{"taxonomy":"category","embeddable":true,"href":"https:\/\/www.spring-reiter.de\/index.php\/wp-json\/wp\/v2\/categories?post=65123"},{"taxonomy":"post_tag","embeddable":true,"href":"https:\/\/www.spring-reiter.de\/index.php\/wp-json\/wp\/v2\/tags?post=65123"}],"curies":[{"name":"wp","href":"https:\/\/api.w.org\/{rel}","templated":true}]}}