{"id":65469,"date":"2023-08-08T14:26:08","date_gmt":"2023-08-08T12:26:08","guid":{"rendered":"https:\/\/www.spring-reiter.de\/?p=65469"},"modified":"2023-08-08T14:55:09","modified_gmt":"2023-08-08T12:55:09","slug":"eye-of-the-breeder-aussergewoehnliche-fohlen-jungpferde-und-gerittene-pferde-sind-die-regel","status":"publish","type":"post","link":"https:\/\/www.spring-reiter.de\/index.php\/2023\/08\/08\/eye-of-the-breeder-aussergewoehnliche-fohlen-jungpferde-und-gerittene-pferde-sind-die-regel\/","title":{"rendered":"Eye Of The Breeder: Au\u00dfergew\u00f6hnliche Fohlen, Jungpferde und gerittene Pferde sind die Regel!"},"content":{"rendered":"Das Team von Eye Of The Breeder ist bereit f\u00fcr die LIVE &amp; ONLINE Auktion, die diesen Freitag, den 11. August 2023, ab 20.00 Uhr MEZ stattfindet.<\/p>\n<!-- \/wp:post-content -->\n\n<!-- wp:paragraph -->\n<p>In der Kollektion finden Sie einige au\u00dfergew\u00f6hnliche Fohlen, Jungpferde und gerittene Pferde. Sie sehen nicht nur fantastisch aus, sie sind auch die Basis f\u00fcr die Zukunft!<br>Die Kollektion l\u00e4sst Sie von einer spannenden Zukunft nicht nur in der Zucht, sondern auch im Sport tr\u00e4umen. Einige von ihnen sind bereit, schon n\u00e4chste Woche aufzuspringen und an Wettk\u00e4mpfen teilzunehmen!<br>Von Hengstanw\u00e4rtern bis zu unglaublichen Springpferden. Von einem qualifizierten Springpferd f\u00fcr die belgischen Meisterschaften der jungen Pferde bis hin zu interessanten Stutfohlen. Es ist an der Zeit, die Kollektion zu erkunden, Ihren Favoriten auszuw\u00e4hlen und Ihre reiterliche Zukunft zu sichern!<\/p>\n<!-- \/wp:paragraph -->\n\n<!-- wp:paragraph -->\n<p>Entdecken Sie die Kollektion <a href=\"https:\/\/eye-of-the-master.com\/live-veiling\/19\" target=\"_blank\" rel=\"noreferrer noopener\">hier<\/a><\/p>\n<!-- \/wp:paragraph -->\n\n<!-- wp:list -->\n<ul><!-- wp:list-item -->\n<li>Sehen Sie sich <a href=\"https:\/\/eye-of-the-master.com\/veiling\/RAMBO-TER-LEYDONCK\" target=\"_blank\" rel=\"noreferrer noopener\">Rambo Ter Leydonck<\/a> an, einen Sechsj\u00e4hrigen, der sich f\u00fcr die belgischen Meisterschaften in Gesves qualifiziert hat.<\/li>\n<!-- \/wp:list-item -->\n\n<!-- wp:list-item -->\n<li>Oder wie w\u00e4re es mit <a href=\"https:\/\/eye-of-the-master.com\/veiling\/USAIN-DE-LA-POMME-DOR\" target=\"_blank\" rel=\"noreferrer noopener\">Usain de la Pomme<\/a>, einen gek\u00f6rten Hengst aus dem erfolgreichen Gest\u00fct &#8218;de la Pomme&#8216;?<\/li>\n<!-- \/wp:list-item -->\n\n<!-- wp:list-item -->\n<li>Wenn der Stammbaum alles sagt, entdecken Sie <a href=\"https:\/\/eye-of-the-master.com\/veiling\/TI-AMO-VAN-DE-LENTAKKER-AT-Z\" target=\"_blank\" rel=\"noreferrer noopener\">Ti Amo van de Lentakker<\/a> <\/li>\n<!-- \/wp:list-item -->\n\n<!-- wp:list-item -->\n<li>Oder wenn Sie einfach nur eine Kombination aus Aussehen und Leistung w\u00fcnschen, dann ist es <a href=\"https:\/\/eye-of-the-master.com\/veiling\/EL-COLORE-DS-Z\" target=\"_blank\" rel=\"noreferrer noopener\">El Colore DS Z<\/a><\/li>\n<!-- \/wp:list-item -->\n\n<!-- wp:list-item -->\n<li>Sie suchen das sch\u00f6nste Modell? Lernen Sie sie kennen: <a href=\"https:\/\/eye-of-the-master.com\/veiling\/READY-G\" target=\"_blank\" rel=\"noreferrer noopener\">Ready Girl du Bavrou<\/a><\/li>\n<!-- \/wp:list-item --><\/ul>\n<!-- \/wp:list -->\n\n<!-- wp:paragraph -->\n<p>N\u00fctzliche Informationen<\/p>\n<!-- \/wp:paragraph -->\n\n<!-- wp:paragraph -->\n<p>LIVE &amp; ONLINE Auktion im Stall von Halkin, Belgien<br>Datum: 11. August, 20 Uhr (CET)<br>Online-Gebote: <a href=\"http:\/\/www.eye-of-the-master.com\" target=\"_blank\" rel=\"noreferrer noopener\">www.eye-of-the-master.com<\/a> (kostenlose Registrierung erforderlich) ","protected":false},"excerpt":{"rendered":"<p>Das Team von Eye Of The Breeder ist bereit f\u00fcr die LIVE &amp; ONLINE Auktion, die diesen Freitag, den 11. August 2023, ab 20.00 Uhr MEZ stattfindet. In der Kollektion finden Sie einige au\u00dfergew\u00f6hnliche Fohlen, Jungpferde und gerittene Pferde. Sie sehen nicht nur fantastisch aus, sie sind auch die Basis &hellip; <a class=\"kt-excerpt-readmore\" href=\"https:\/\/www.spring-reiter.de\/index.php\/2023\/08\/08\/eye-of-the-breeder-aussergewoehnliche-fohlen-jungpferde-und-gerittene-pferde-sind-die-regel\/\" aria-label=\"Eye Of The Breeder: Au\u00dfergew\u00f6hnliche Fohlen, Jungpferde und gerittene Pferde sind die Regel!\">Weiterlesen<\/a><\/p>\n","protected":false},"author":3,"featured_media":65472,"comment_status":"closed","ping_status":"open","sticky":false,"template":"","format":"standard","meta":{"footnotes":""},"categories":[1],"tags":[],"class_list":["post-65469","post","type-post","status-publish","format-standard","has-post-thumbnail","hentry","category-allgemein"],"translation":{"provider":"WPGlobus","version":"3.0.2","language":"de","enabled_languages":["de","en"],"languages":{"de":{"title":true,"content":true,"excerpt":false},"en":{"title":true,"content":true,"excerpt":false}}},"_links":{"self":[{"href":"https:\/\/www.spring-reiter.de\/index.php\/wp-json\/wp\/v2\/posts\/65469","targetHints":{"allow":["GET"]}}],"collection":[{"href":"https:\/\/www.spring-reiter.de\/index.php\/wp-json\/wp\/v2\/posts"}],"about":[{"href":"https:\/\/www.spring-reiter.de\/index.php\/wp-json\/wp\/v2\/types\/post"}],"author":[{"embeddable":true,"href":"https:\/\/www.spring-reiter.de\/index.php\/wp-json\/wp\/v2\/users\/3"}],"replies":[{"embeddable":true,"href":"https:\/\/www.spring-reiter.de\/index.php\/wp-json\/wp\/v2\/comments?post=65469"}],"version-history":[{"count":0,"href":"https:\/\/www.spring-reiter.de\/index.php\/wp-json\/wp\/v2\/posts\/65469\/revisions"}],"wp:featuredmedia":[{"embeddable":true,"href":"https:\/\/www.spring-reiter.de\/index.php\/wp-json\/wp\/v2\/media\/65472"}],"wp:attachment":[{"href":"https:\/\/www.spring-reiter.de\/index.php\/wp-json\/wp\/v2\/media?parent=65469"}],"wp:term":[{"taxonomy":"category","embeddable":true,"href":"https:\/\/www.spring-reiter.de\/index.php\/wp-json\/wp\/v2\/categories?post=65469"},{"taxonomy":"post_tag","embeddable":true,"href":"https:\/\/www.spring-reiter.de\/index.php\/wp-json\/wp\/v2\/tags?post=65469"}],"curies":[{"name":"wp","href":"https:\/\/api.w.org\/{rel}","templated":true}]}}