{"id":65672,"date":"2023-08-18T13:06:39","date_gmt":"2023-08-18T11:06:39","guid":{"rendered":"https:\/\/www.spring-reiter.de\/?p=65672"},"modified":"2023-08-18T13:06:42","modified_gmt":"2023-08-18T11:06:42","slug":"verpasste-doping-tests-fei-sperrt-mathilda-karlsson-bis-januar-2025","status":"publish","type":"post","link":"https:\/\/www.spring-reiter.de\/index.php\/2023\/08\/18\/verpasste-doping-tests-fei-sperrt-mathilda-karlsson-bis-januar-2025\/","title":{"rendered":"Verpasste Doping-Tests: FEI sperrt Mathilda Karlsson bis Januar 2025"},"content":{"rendered":"\n<p>Nicht nur der abgew\u00e4hlte Donald Trump stellt sich gerne als Opfer einer \u201eHexenjagd\u201c dar, auch die f\u00fcr Sri Lanka startende, aber in Deutschland lebende Mathilda Karlsson nutzt dieses Wort, wenn die Dinge nicht so laufen, wie sie geplant hat.<\/p>\n\n\n\n<p>Gerade hat der internationale Reitsport-Verband FEI sie wieder einmal ausgebremst. Bis zum 14. Januar 2025 ist sie f\u00fcr alle Turniere gesperrt, Aber auch gegen diese Entscheidung k\u00f6nnte sie noch in die Berufung vor dem internationalen Sportgerichtshof CAS gehen.<\/p>\n\n\n\n<p>Die Grundlage f\u00fcr die Sperre liefert der Artikel 2.4 der Anti-Dopingregeln der FEI: Danach muss ein Reiter, wie es auch entsprechend f\u00fcr alle anderen Athleten im internationalen Sport geregelt ist, regelm\u00e4\u00dfig zu Doping-Proben erscheinen beziehungsweise seine Aufenthaltsdaten hinterlegen, um auch f\u00fcr unangek\u00fcndigte Doping-Proben erreichbar zu sein. \u00a0Wer dreimal pro Jahr die Test-Termine der unabh\u00e4ngigen International Testing Agency (ITA) vers\u00e4umt, wird automatisch gesperrt und dann wird nach Anh\u00f6rung des Athleten die endg\u00fcltige Strafe festgesetzt \u2013 in diesem Fall die Sperre bis zum 14. Januar 2025.<\/p>\n\n\n\n<p>Es ist das zweite Mal, dass die Reiterin mit der FEI in Konflikt ger\u00e4t. Die in Sri Lanka geborene, aber schon mit drei Monaten von einem schwedischen Paar adoptierte Mathilda Karlsson kam nach ihrer Bereiter-Lehre in Schweden durch ein Praktikum nach Schleswig-Holstein, in den Stall des schwedischen Top-Reiters Rolf-G\u00f6ran Bengtsson. Von dort ging es als Bereiterin zu Manfred von Allw\u00f6rden in den Gr\u00f6nwoldhof und steil in den internationalen Sport: Ihr wurde ein Teamplatz bei den Hamburg Giants der Global Champions League gesponsert.<\/p>\n\n\n\n<p>Nach einer Urlaubsreise in ihr Geburtsland beschloss sie 2017, fortan nicht mehr unter der Flagge Schwedens, sondern unter der Sri Lankas zu starten \u2013 was sich auszahlte, wenn auch erst einmal mit Hindernissen. Sri Lanka, und damit Mathilda Karlsson, erhielt zwar f\u00fcr die Olympischen Spiele in Tokio einen Einzelstartplatz, aber wie sich herausstellte waren Mathilda Karlssons daf\u00fcr notwendigen Ranglistenpunkte vor allem bei drei Turnieren in Frankreich mit teilweise dubiosen Nennungspraktiken zusammengekommen, wo kaum jemand als Konkurrenz am Start war. Die Ranglistenpunkte erschienen der FEI im Nachhinein dann doch zweifelhaft und sie strich diese. Geplatzt schien der Traum von Olympia f\u00fcrs Land Sri Lanka und seine einzige international startende Reiterin.<\/p>\n\n\n\n<p>Doch Mathilda Karlsson gab nicht auf, zog vor den Internationalen Sportgerichtshof CAS \u2013 und bekam Recht. Denn, so der CAS, da die FEI die Turnierausschreibungen akzeptiert hatte, k\u00f6nnten die Ergebnisse nicht im Nachhinein gestrichen werden. Mathilda Karlsson durfte nach Tokio zu Olympia, startete in der Qualifikationspr\u00fcfung \u2013 und schied nach zweimaliger Verweigerung des Hengstes Chopin VA (v. Casall) gleich wieder aus.<\/p>\n\n\n\n<p>Nach dem olympischen 5*-Kurzprogramm war sie im April 2023 mit Chopin VA ein letztes Mal am Start, bei einem CSI2* Springen in Grimaud \u00fcber 1,30m, wurde 73. und verabschiedete sich kurz darauf selbst via Instagram von Chopin VA und ihren anderen Beritt-Pferden mit den Worten: Die \u201eHexenjagd\u201c habe nun ein Ende.<\/p>\n","protected":false},"excerpt":{"rendered":"<p>Nicht nur der abgew\u00e4hlte Donald Trump stellt sich gerne als Opfer einer \u201eHexenjagd\u201c dar, auch die f\u00fcr Sri Lanka startende, aber in Deutschland lebende Mathilda Karlsson nutzt dieses Wort, wenn die Dinge nicht so laufen, wie sie geplant hat. Gerade hat der internationale Reitsport-Verband FEI sie wieder einmal ausgebremst. Bis &hellip; <a class=\"kt-excerpt-readmore\" href=\"https:\/\/www.spring-reiter.de\/index.php\/2023\/08\/18\/verpasste-doping-tests-fei-sperrt-mathilda-karlsson-bis-januar-2025\/\" aria-label=\"Verpasste Doping-Tests: FEI sperrt Mathilda Karlsson bis Januar 2025\">Weiterlesen<\/a><\/p>\n","protected":false},"author":3,"featured_media":65673,"comment_status":"closed","ping_status":"open","sticky":false,"template":"","format":"standard","meta":{"footnotes":""},"categories":[1],"tags":[],"class_list":["post-65672","post","type-post","status-publish","format-standard","has-post-thumbnail","hentry","category-allgemein"],"translation":{"provider":"WPGlobus","version":"3.0.2","language":"de","enabled_languages":["de","en"],"languages":{"de":{"title":true,"content":true,"excerpt":false},"en":{"title":false,"content":false,"excerpt":false}}},"_links":{"self":[{"href":"https:\/\/www.spring-reiter.de\/index.php\/wp-json\/wp\/v2\/posts\/65672","targetHints":{"allow":["GET"]}}],"collection":[{"href":"https:\/\/www.spring-reiter.de\/index.php\/wp-json\/wp\/v2\/posts"}],"about":[{"href":"https:\/\/www.spring-reiter.de\/index.php\/wp-json\/wp\/v2\/types\/post"}],"author":[{"embeddable":true,"href":"https:\/\/www.spring-reiter.de\/index.php\/wp-json\/wp\/v2\/users\/3"}],"replies":[{"embeddable":true,"href":"https:\/\/www.spring-reiter.de\/index.php\/wp-json\/wp\/v2\/comments?post=65672"}],"version-history":[{"count":0,"href":"https:\/\/www.spring-reiter.de\/index.php\/wp-json\/wp\/v2\/posts\/65672\/revisions"}],"wp:featuredmedia":[{"embeddable":true,"href":"https:\/\/www.spring-reiter.de\/index.php\/wp-json\/wp\/v2\/media\/65673"}],"wp:attachment":[{"href":"https:\/\/www.spring-reiter.de\/index.php\/wp-json\/wp\/v2\/media?parent=65672"}],"wp:term":[{"taxonomy":"category","embeddable":true,"href":"https:\/\/www.spring-reiter.de\/index.php\/wp-json\/wp\/v2\/categories?post=65672"},{"taxonomy":"post_tag","embeddable":true,"href":"https:\/\/www.spring-reiter.de\/index.php\/wp-json\/wp\/v2\/tags?post=65672"}],"curies":[{"name":"wp","href":"https:\/\/api.w.org\/{rel}","templated":true}]}}