{"id":65768,"date":"2023-08-22T11:17:33","date_gmt":"2023-08-22T09:17:33","guid":{"rendered":"https:\/\/www.spring-reiter.de\/?p=65768"},"modified":"2023-08-22T12:50:19","modified_gmt":"2023-08-22T10:50:19","slug":"em-mailand-dsp-chakaria-faellt-aus","status":"publish","type":"post","link":"https:\/\/www.spring-reiter.de\/index.php\/2023\/08\/22\/em-mailand-dsp-chakaria-faellt-aus\/","title":{"rendered":"EM Mailand: DSP Chakaria f\u00e4llt aus"},"content":{"rendered":"\n<h2 class=\"wp-block-heading\"><strong>Andr\u00e9 Thieme und DSP Chakaria werden nicht bei der Europameisterschaft Springen in Mailand an den Start gehen. Christian Kukuk und Mumbai r\u00fccken nach.<\/strong><\/h2>\n\n\n\n<p>Die Europameisterschaften Springen werden vom 29. August bis 3. September in Mailand\/Italien ausgetragen. Andr\u00e9 Thieme und seine Stute DSP Chakaria sind die amtierenden Europameister, sie hatten 2021 in Riesenbeck die Goldmedaille im Einzel und Silber mit dem Team gewonnen. Auch f\u00fcr die EM in Mailand geh\u00f6rten sie zu den Paaren, die Bundestrainer Otto Becker aufgestellt hatte, um die deutschen Farben zu vertreten.&nbsp;<\/p>\n\n\n\n<p>Andr\u00e9 Thieme verzichtet in Absprache mit der Mannschaftsf\u00fchrung auf einen EM-Start, aufgrund einer leichten Verletzung seines Pferdes. \u201eDas ist eine reine Vorsichtsma\u00dfnahme. Chakaria bedeutet mir alles \u2013 dass sie gesund ist und vor allem langfristig gesund bleibt, hat f\u00fcr mich oberste Priorit\u00e4t. Mir tut es unheimlich leid, dass ich nicht f\u00fcr die Mannschaft reiten kann. Es f\u00e4llt mir sehr schwer, nicht dabei zu sein, aber ihr Wohl ist das Allerwichtigste\u201c, erkl\u00e4rte Thieme. \u201eEs tut mir unheimlich leid f\u00fcr Andr\u00e9, dass er nicht starten kann und auch f\u00fcr unser Team ist es eine Schw\u00e4chung, wenn der amtierende Europameister nicht dabei ist\u201c, sagte Bundestrainer Otto Becker.&nbsp;<\/p>\n\n\n\n<p>Christian Kukuk (Riesenbeck) und der Hengst Mumbai r\u00fccken nach und werden als F\u00fcnftes Paar mit nach Mailand reisen.  Im deutschen Team werden Thieme und Chakaria durch Gerrit Nieberg und Ben ersetzt. Ebenfalls f\u00fcr die EM nominiert sind Marcus Ehning (Borken) mit Stargold, Jana Wargers (Emsdetten) mit Limbridge und Philipp Weishaupt (Riesenbeck) mit Zineday.\u00a0<em>fn-press\/lau<\/em><\/p>\n","protected":false},"excerpt":{"rendered":"<p>Andr\u00e9 Thieme und DSP Chakaria werden nicht bei der Europameisterschaft Springen in Mailand an den Start gehen. Christian Kukuk und Mumbai r\u00fccken nach. Die Europameisterschaften Springen werden vom 29. August bis 3. September in Mailand\/Italien ausgetragen. Andr\u00e9 Thieme und seine Stute DSP Chakaria sind die amtierenden Europameister, sie hatten 2021 &hellip; <a class=\"kt-excerpt-readmore\" href=\"https:\/\/www.spring-reiter.de\/index.php\/2023\/08\/22\/em-mailand-dsp-chakaria-faellt-aus\/\" aria-label=\"EM Mailand: DSP Chakaria f\u00e4llt aus\">Weiterlesen<\/a><\/p>\n","protected":false},"author":2,"featured_media":65246,"comment_status":"closed","ping_status":"open","sticky":false,"template":"","format":"standard","meta":{"footnotes":""},"categories":[1],"tags":[],"class_list":["post-65768","post","type-post","status-publish","format-standard","has-post-thumbnail","hentry","category-allgemein"],"translation":{"provider":"WPGlobus","version":"3.0.2","language":"de","enabled_languages":["de","en"],"languages":{"de":{"title":true,"content":true,"excerpt":false},"en":{"title":false,"content":false,"excerpt":false}}},"_links":{"self":[{"href":"https:\/\/www.spring-reiter.de\/index.php\/wp-json\/wp\/v2\/posts\/65768","targetHints":{"allow":["GET"]}}],"collection":[{"href":"https:\/\/www.spring-reiter.de\/index.php\/wp-json\/wp\/v2\/posts"}],"about":[{"href":"https:\/\/www.spring-reiter.de\/index.php\/wp-json\/wp\/v2\/types\/post"}],"author":[{"embeddable":true,"href":"https:\/\/www.spring-reiter.de\/index.php\/wp-json\/wp\/v2\/users\/2"}],"replies":[{"embeddable":true,"href":"https:\/\/www.spring-reiter.de\/index.php\/wp-json\/wp\/v2\/comments?post=65768"}],"version-history":[{"count":0,"href":"https:\/\/www.spring-reiter.de\/index.php\/wp-json\/wp\/v2\/posts\/65768\/revisions"}],"wp:featuredmedia":[{"embeddable":true,"href":"https:\/\/www.spring-reiter.de\/index.php\/wp-json\/wp\/v2\/media\/65246"}],"wp:attachment":[{"href":"https:\/\/www.spring-reiter.de\/index.php\/wp-json\/wp\/v2\/media?parent=65768"}],"wp:term":[{"taxonomy":"category","embeddable":true,"href":"https:\/\/www.spring-reiter.de\/index.php\/wp-json\/wp\/v2\/categories?post=65768"},{"taxonomy":"post_tag","embeddable":true,"href":"https:\/\/www.spring-reiter.de\/index.php\/wp-json\/wp\/v2\/tags?post=65768"}],"curies":[{"name":"wp","href":"https:\/\/api.w.org\/{rel}","templated":true}]}}