{"id":65790,"date":"2023-08-23T14:50:13","date_gmt":"2023-08-23T12:50:13","guid":{"rendered":"https:\/\/www.spring-reiter.de\/?p=65790"},"modified":"2023-08-23T14:50:18","modified_gmt":"2023-08-23T12:50:18","slug":"mailand-ist-schon-voll-konzentriert-auf-den-kampf-um-die-em-titel","status":"publish","type":"post","link":"https:\/\/www.spring-reiter.de\/index.php\/2023\/08\/23\/mailand-ist-schon-voll-konzentriert-auf-den-kampf-um-die-em-titel\/","title":{"rendered":"Mailand ist schon voll konzentriert auf den Kampf um die EM-Titel"},"content":{"rendered":"\n<p>Eine Woche vor der Europameisterschaft 2023, die am 30. August auf der Rennbahn San Siro in Mailand beginnt, erreichen die Vorbereitungen ihren H\u00f6hepunkt. Mannschafts- und Einzelmedaillen stehen auf dem Spiel, und die Flaggen von 24 Nationen werden bei der 37. Ausgabe dieses Ereignisses, das von der Geschichte der Champions gepr\u00e4gt ist, wehen.<\/p>\n\n\n\n<p>Insgesamt sind 87 Athleten und ihre Pferde gemeldet, wobei 16 L\u00e4nder mit Teams und acht weitere mit Einzelreitern vertreten sind. Die Chance f\u00fcr drei nicht qualifizierte Teams aus den olympischen FEI-Gruppen A und\/oder B, einen Startplatz f\u00fcr die Olympischen Spiele 2024 in Paris zu ergattern, tr\u00e4gt ebenfalls zu einer spannenden und wettbewerbsintensiven Sportwoche bei.<\/p>\n\n\n\n<p>Es ist erst das dritte Mal in ihrer 66-j\u00e4hrigen Geschichte, dass die Europameisterschaft in Italien ausgetragen wird. <\/p>\n\n\n\n<p>Es gab nur Einzelmedaillen, als der Italiener Graziano Mancinelli und Rockette 1963 in Rom den Sieg davontrugen, wo zwei weitere Gr\u00f6\u00dfen &#8211; der Deutsche Alwin Schockem\u00f6hle mit Freiherr und der Brite Harvey Smith auf Warpaint &#8211; auf der zweiten und dritten Stufe des Podiums standen.<\/p>\n\n\n\n<p>In San Patrignano 2005 waren es Marco Kutscher und Montender, die sich vor der Schweizerin Christina Liebherr durchsetzten, w\u00e4hrend der Niederl\u00e4nder Jeroen Dubbeldam Bronze in der Einzelwertung holte. <\/p>\n\n\n\n<p>Und auch den 1975 erstmals eingef\u00fchrten Mannschaftstitel holte Deutschland, als Kutscher zusammen mit Marcus Ehning, Christian Ahlmann und Meredith Michaels-Beerbaum die Schweiz und die Niederlande auf den Silber- und Bronzerang verwies.<\/p>\n\n\n\n<p>Ehning hat eine au\u00dfergew\u00f6hnliche Bilanz bei Europameisterschaften vorzuweisen, die bis nach Hickstead (GBR) im Jahr 1999 zur\u00fcckreicht, als er zusammen mit Meredith Michaels-Beerbaum, Carsten-Otto Nagel und Ludger Beerbaum Mannschaftsgold holte. Das gelang ihm noch zweimal &#8211; 2003, als er auch im Einzel Bronze holte, und 2005. Er geh\u00f6rte zu den Teams, die 2007, 2019 und 2021 die Silbermedaille gewannen, und holte 2009 Mannschaftsbronze.<\/p>\n\n\n\n<p>Der 49-j\u00e4hrige Olympiasieger, Welt- und Europameister im Mannschaftsspringen und dreifache FEI Jumping World Cup-Champion reitet diesmal den aufregenden 12-j\u00e4hrigen Hengst Stargold, mit dem er im vergangenen Monat den 5*-Grand Prix in Aachen (GER) gewonnen hat, und ist in diesem Jahr wieder in Otto Beckers Auswahl. Begleitet wird er von Gerrit Nieberg, Jana Wargers, Philipp Weishaupt und Christian Kukuk.<\/p>\n\n\n\n<p>Deutschland steht mit sieben Mannschafts- und 15 Einzel-Goldmedaillen in der Ehrenliste der Europameisterschaften an erster Stelle. Drei davon gingen in den 1980er Jahren an das legend\u00e4re Duo Paul Schockem\u00f6hle und Deister. Andr\u00e9 Thieme wird seinen Einzel-Titel, den er mit DSP Chakaria in Riesenbeck (GER) gewonnen hat, 2021 wegen der leichten Verletzung seiner Stute nicht verteidigen.<\/p>\n\n\n\n<p>Titelverteidiger ist die Schweiz, und Chef d&#8217;Equipe Michel Sorg bringt alle vier Reiter aus der Mannschaft mit, die vor zwei Jahren in Riesenbeck (GER) den Sieg errungen hat &#8211; Martin Fuchs, der damals auch Einzel-Silber holte, Steve Guerdat, Bryan Balsiger und Elian Baumann sowie Edouard Schmitz.<br>Die Schweizer sind nach einem Sommer voller Erfolge, darunter der Sieg in Aachen und drei sensationelle Siege in der Longines FEI Jumping Nations Cup Europe Division 1-Serie, in Hochform. Aber sie wissen, dass sie keinen Platz f\u00fcr Selbstzufriedenheit haben, denn sie haben in Mailand eine doppelte Aufgabe.<\/p>\n\n\n\n<p>Trotz ihrer herausragenden Stellung im Sport sind sie immer noch auf der Jagd nach einem Qualifikationsplatz f\u00fcr die Olympischen Spiele 2024 in Paris und werden n\u00e4chste Woche zusammen mit Teams aus \u00d6sterreich, D\u00e4nemark, Italien, Norwegen, Portugal und Spanien auf der Jagd nach einem der drei angebotenen Pl\u00e4tze sein. Wenn sie es dieses Mal nicht schaffen, haben sie nur noch eine weitere Chance, wenn Ende September beim Longines FEI Jumping Nations Cup Finale in Barcelona (ESP) ein einziger Platz vergeben wird. Bis dahin wollen sie bestimmt nicht warten.<\/p>\n\n\n\n<p>Die vollst\u00e4ndige Liste der Teams f\u00fcr die Europameisterschaft 2023 lautet: \u00d6sterreich, Belgien, D\u00e4nemark, Frankreich, Deutschland, Gro\u00dfbritannien, Ungarn, Irland, Italien, Niederlande, Norwegen, Polen, Portugal, Spanien, Schweden und die Schweiz; alle haben f\u00fcnf Athleten gemeldet, mit Ausnahme von Norwegen und Portugal, die nur drei schicken. Einzelne Athleten werden Bulgarien, Griechenland, Israel, Liechtenstein, Mazedonien, die Slowakei, die T\u00fcrkei und die Ukraine vertreten.<\/p>\n\n\n\n<p>Sieben der Top 10 und 13 der Top 20 der aktuellen Weltrangliste werden unter der Flagge ihres Landes antreten. Der Weltranglistenzweite Julien Epaillard und der Weltranglistensechste Simon Delestre geh\u00f6ren zu Henk Noorens franz\u00f6sischen Quintett, w\u00e4hrend Harrie Smolders &#8211; derzeit die Nummer drei der Weltrangliste &#8211; im niederl\u00e4ndischen Team von Jos Lansink zu finden ist.<\/p>\n\n\n\n<p>Der siebtplatzierte Shane Sweetnam f\u00fchrt das irische Team von Michael Blake an, w\u00e4hrend im britischen Team von Di Lampard der amtierende Olympiasieger und die Nummer neun der Welt, Ben Maher, steht. In Schweden spielt der Weltranglistenerste und zweifache Weltmeister Henrik von Eckermann die Hauptrolle in einer Mannschaft, zu der auch Jens Fredricson, Wilma Hellstr\u00f6m, Rolf-G\u00f6ran Bengtsson und Petronella Anderson geh\u00f6ren.<\/p>\n\n\n\n<p>Die Schweden haben noch nie den europ\u00e4ischen Mannschaftstitel gewonnen. 2001 und 2017 holten sie Silber und 2013 Bronze. Zweimal gewannen sie Gold im Einzel, Bengtsson und Ninja La Silla 2011 und Peder Fredricson und H&amp;M All In 2017.<\/p>\n\n\n\n<p>Der Zeitplan der Meisterschaft beginnt mit der ersten Pferdekontrolle am Dienstagmorgen, 29. August, gefolgt von einer Trainingseinheit, bevor am Abend die Auslosung der Startreihenfolge stattfindet. Der erste Wettbewerb, ein Table C Speed and Handiness, ist offen f\u00fcr Teams und Einzelreiter und findet am Mittwoch, 30. August, statt, wobei die Punkte f\u00fcr jeden Athleten am Ende des Tages in Strafpunkte umgerechnet werden.<\/p>\n\n\n\n<p>Der zweite Wettbewerb beginnt mit einer Runde am Donnerstag, dem 31. August, und ist offen f\u00fcr alle Teams und Einzelsreiter, aber nur die zehn besten Teams und die 50 besten Einzelreiter kommen in die n\u00e4chste Runde am Freitag, dem 1. September, wo die Mannschaftsmedaillen vergeben werden.<br>Die besten 25 starten dann in die erste Runde des Einzelfinales am Sonntag, dem 3. September, und die besten 12 kehren in eine zweite Runde zur\u00fcck, in der sich das Schicksal des europ\u00e4ischen Einzeltitels f\u00fcr 2023 entscheidet. <em>(FEI)<\/em><\/p>\n\n\n\n<p>spring-reiter.de ist vor Ort und wird ausf\u00fchrlich berichten!<\/p>\n","protected":false},"excerpt":{"rendered":"<p>Eine Woche vor der Europameisterschaft 2023, die am 30. August auf der Rennbahn San Siro in Mailand beginnt, erreichen die Vorbereitungen ihren H\u00f6hepunkt. Mannschafts- und Einzelmedaillen stehen auf dem Spiel, und die Flaggen von 24 Nationen werden bei der 37. Ausgabe dieses Ereignisses, das von der Geschichte der Champions gepr\u00e4gt &hellip; <a class=\"kt-excerpt-readmore\" href=\"https:\/\/www.spring-reiter.de\/index.php\/2023\/08\/23\/mailand-ist-schon-voll-konzentriert-auf-den-kampf-um-die-em-titel\/\" aria-label=\"Mailand ist schon voll konzentriert auf den Kampf um die EM-Titel\">Weiterlesen<\/a><\/p>\n","protected":false},"author":3,"featured_media":65791,"comment_status":"closed","ping_status":"open","sticky":false,"template":"","format":"standard","meta":{"footnotes":""},"categories":[1],"tags":[],"class_list":["post-65790","post","type-post","status-publish","format-standard","has-post-thumbnail","hentry","category-allgemein"],"translation":{"provider":"WPGlobus","version":"3.0.2","language":"de","enabled_languages":["de","en"],"languages":{"de":{"title":true,"content":true,"excerpt":false},"en":{"title":false,"content":false,"excerpt":false}}},"_links":{"self":[{"href":"https:\/\/www.spring-reiter.de\/index.php\/wp-json\/wp\/v2\/posts\/65790","targetHints":{"allow":["GET"]}}],"collection":[{"href":"https:\/\/www.spring-reiter.de\/index.php\/wp-json\/wp\/v2\/posts"}],"about":[{"href":"https:\/\/www.spring-reiter.de\/index.php\/wp-json\/wp\/v2\/types\/post"}],"author":[{"embeddable":true,"href":"https:\/\/www.spring-reiter.de\/index.php\/wp-json\/wp\/v2\/users\/3"}],"replies":[{"embeddable":true,"href":"https:\/\/www.spring-reiter.de\/index.php\/wp-json\/wp\/v2\/comments?post=65790"}],"version-history":[{"count":0,"href":"https:\/\/www.spring-reiter.de\/index.php\/wp-json\/wp\/v2\/posts\/65790\/revisions"}],"wp:featuredmedia":[{"embeddable":true,"href":"https:\/\/www.spring-reiter.de\/index.php\/wp-json\/wp\/v2\/media\/65791"}],"wp:attachment":[{"href":"https:\/\/www.spring-reiter.de\/index.php\/wp-json\/wp\/v2\/media?parent=65790"}],"wp:term":[{"taxonomy":"category","embeddable":true,"href":"https:\/\/www.spring-reiter.de\/index.php\/wp-json\/wp\/v2\/categories?post=65790"},{"taxonomy":"post_tag","embeddable":true,"href":"https:\/\/www.spring-reiter.de\/index.php\/wp-json\/wp\/v2\/tags?post=65790"}],"curies":[{"name":"wp","href":"https:\/\/api.w.org\/{rel}","templated":true}]}}