{"id":65868,"date":"2023-08-26T16:50:50","date_gmt":"2023-08-26T14:50:50","guid":{"rendered":"https:\/\/www.spring-reiter.de\/?p=65868"},"modified":"2023-08-26T16:50:51","modified_gmt":"2023-08-26T14:50:51","slug":"oldenburger-feiern-roland-metz-ist-50","status":"publish","type":"post","link":"https:\/\/www.spring-reiter.de\/index.php\/2023\/08\/26\/oldenburger-feiern-roland-metz-ist-50\/","title":{"rendered":"Oldenburger feiern: Roland Metz ist 50"},"content":{"rendered":"\n<p>Der Auktionsleiter und Gesch\u00e4ftsf\u00fchrer der Oldenburger Pferde-Vermarktungs GmbH, Roland Metz, blickt auf ein halbes Jahrhundert zur\u00fcck.<\/p>\n\n\n\n<p>Geboren in Baden-W\u00fcrttemberg, hat Roland Metz im Laufe seiner Karriere ma\u00dfgeblich die Reitpferdevermarktung in Nord- und S\u00fcddeutschland gepr\u00e4gt. Er erlernte das Pferdebusiness von Grund auf und gestaltete \u00fcber Jahre hinweg die internationale Auktionslandschaft in leitenden Positionen. Dank seiner engen Bindung zu Z\u00fcchtern und Kunden ist Metz weltweit angesehen und gesch\u00e4tzt.<\/p>\n\n\n\n<p>Im September 2022 fand Roland Metz den Weg zum Oldenburger Pferdezuchtverband. Dort widmete er sich zun\u00e4chst der Rolle des Auktionsleiters, ehe er im Januar 2023 zus\u00e4tzlich die Gesch\u00e4ftsf\u00fchrung der Oldenburger Pferde-Vermarktungs GmbH \u00fcbernahm. Bereits in dieser vergleichsweise kurzen Zeit gelang es Metz, mit dem Oldenburger Siegerhengst 2023, Bon Esprit v. Bon Courage, aus der Zucht von J\u00fcrgen Fetzer aus Baden-W\u00fcrttemberg, eine neue Rekord-Preisspitze in Vechta zu stellen.<\/p>\n\n\n\n<p>Wir blicken freudig auf die weitere gemeinsame Zukunft, gratulieren Roland Metz herzlich zu diesem Meilenstein und w\u00fcnschen ihm nur das Beste f\u00fcr die kommenden Jahre.<\/p>\n\n\n\n<p>Nicht nur der 50. Geburtstag des Oldenburger Auktionsleiters steht heute an, auch die 31. Elite-Fohlenauktion findet um 14.00 Uhr im Oldenburger Pferde Zentrum Vechta statt. Klicken Sie hier um direkt zur Kollektion zu gelangen: <a href=\"https:\/\/auktion.oldenburger-pferde.com\/de\/objekte\/au-32\/31_elite_fohlenauktion?Lstatus=0\">https:\/\/auktion.oldenburger-pferde.com\/de\/objekte\/au-32\/31_elite_fohlenauktion?Lstatus=0<\/a><\/p>\n","protected":false},"excerpt":{"rendered":"<p>Der Auktionsleiter und Gesch\u00e4ftsf\u00fchrer der Oldenburger Pferde-Vermarktungs GmbH, Roland Metz, blickt auf ein halbes Jahrhundert zur\u00fcck. Geboren in Baden-W\u00fcrttemberg, hat Roland Metz im Laufe seiner Karriere ma\u00dfgeblich die Reitpferdevermarktung in Nord- und S\u00fcddeutschland gepr\u00e4gt. Er erlernte das Pferdebusiness von Grund auf und gestaltete \u00fcber Jahre hinweg die internationale Auktionslandschaft in &hellip; <a class=\"kt-excerpt-readmore\" href=\"https:\/\/www.spring-reiter.de\/index.php\/2023\/08\/26\/oldenburger-feiern-roland-metz-ist-50\/\" aria-label=\"Oldenburger feiern: Roland Metz ist 50\">Weiterlesen<\/a><\/p>\n","protected":false},"author":3,"featured_media":65869,"comment_status":"closed","ping_status":"open","sticky":false,"template":"","format":"standard","meta":{"footnotes":""},"categories":[1],"tags":[],"class_list":["post-65868","post","type-post","status-publish","format-standard","has-post-thumbnail","hentry","category-allgemein"],"translation":{"provider":"WPGlobus","version":"3.0.2","language":"de","enabled_languages":["de","en"],"languages":{"de":{"title":true,"content":true,"excerpt":false},"en":{"title":false,"content":false,"excerpt":false}}},"_links":{"self":[{"href":"https:\/\/www.spring-reiter.de\/index.php\/wp-json\/wp\/v2\/posts\/65868","targetHints":{"allow":["GET"]}}],"collection":[{"href":"https:\/\/www.spring-reiter.de\/index.php\/wp-json\/wp\/v2\/posts"}],"about":[{"href":"https:\/\/www.spring-reiter.de\/index.php\/wp-json\/wp\/v2\/types\/post"}],"author":[{"embeddable":true,"href":"https:\/\/www.spring-reiter.de\/index.php\/wp-json\/wp\/v2\/users\/3"}],"replies":[{"embeddable":true,"href":"https:\/\/www.spring-reiter.de\/index.php\/wp-json\/wp\/v2\/comments?post=65868"}],"version-history":[{"count":0,"href":"https:\/\/www.spring-reiter.de\/index.php\/wp-json\/wp\/v2\/posts\/65868\/revisions"}],"wp:featuredmedia":[{"embeddable":true,"href":"https:\/\/www.spring-reiter.de\/index.php\/wp-json\/wp\/v2\/media\/65869"}],"wp:attachment":[{"href":"https:\/\/www.spring-reiter.de\/index.php\/wp-json\/wp\/v2\/media?parent=65868"}],"wp:term":[{"taxonomy":"category","embeddable":true,"href":"https:\/\/www.spring-reiter.de\/index.php\/wp-json\/wp\/v2\/categories?post=65868"},{"taxonomy":"post_tag","embeddable":true,"href":"https:\/\/www.spring-reiter.de\/index.php\/wp-json\/wp\/v2\/tags?post=65868"}],"curies":[{"name":"wp","href":"https:\/\/api.w.org\/{rel}","templated":true}]}}