{"id":65951,"date":"2023-08-29T19:58:24","date_gmt":"2023-08-29T17:58:24","guid":{"rendered":"https:\/\/www.spring-reiter.de\/?p=65951"},"modified":"2023-08-29T19:58:30","modified_gmt":"2023-08-29T17:58:30","slug":"otto-becker-zieht-glueckslos-team-deutschland-erst-als-elftes-am-start-bei-der-em","status":"publish","type":"post","link":"https:\/\/www.spring-reiter.de\/index.php\/2023\/08\/29\/otto-becker-zieht-glueckslos-team-deutschland-erst-als-elftes-am-start-bei-der-em\/","title":{"rendered":"Otto Becker zieht Gl\u00fcckslos: Team Deutschland erst als Elftes am Start bei der EM"},"content":{"rendered":"\n<p>Um 18.25 Uhr zog Teamchef Otto Becker den wei\u00dfen gefalteten Zettel aus dem Lostopf, entfaltete ihn sorgf\u00e4ltig und hielt ihn ins Publikum, das aus den Teamchefs der anderen Nationen bestand: Team Deutschland startet als Elftes am Mittwoch um 13.15 in die erste Runde der Europameisterschaft in Mailand, sch\u00f6n weit hinten, um in Ruhe erst einmal beobachten zu k\u00f6nnen, was die Konkurrenz so treibt. Co-Trainer Marcus D\u00f6ring klatschte Otto Becker anerkennend ab, als der auf seinen Platz in der ersten Reihe zur\u00fcckkehrte.<\/p>\n\n\n\n<p>Die Reihenfolge im Team Deutschland: Gerrit Nieberg er\u00f6ffnet mit Ben, als Zweite folgt Jana Wargers mit Startplatz 35 &#8211; dazwischen sind auch Einzelreiter ausgelost worden &#8211; , Christian Kukuk geht mit Startplatz 53 als dritter deutscher Team-Reiter an den Start, bevor Philipp Weishaupt mit Zineday als 60. in der Einzelwertung loslegt. Marcus Ehning beschlie\u00dft den Reigen als 79. mit Stargold.<\/p>\n\n\n\n<p>Kurz vor Otto Becker hatte Team Schweiz, unbestritten einer der Favoriten und Mannschafts-Titelverteidiger, das schlechtestm\u00f6gliche Los gezogen: Die Eidgenossen m\u00fcssen als Erste in den Ring mit Bryan Balsiger auf Dubai du Bois Pinchet vor Frankreich mit Simon Delestre auf Dexter Fontenis Z, den Niederlanden mit Jur Vrieling und Long John Silver sowie Belgien mit Koen Vereecke auf Kasanova de la Pomme. Belgiens deutscher Trainer Peter Weinberg hatte es sich neben seinen deutschen Kollegen in Reihe 1 bequem gemacht. <\/p>\n","protected":false},"excerpt":{"rendered":"<p>Um 18.25 Uhr zog Teamchef Otto Becker den wei\u00dfen gefalteten Zettel aus dem Lostopf, entfaltete ihn sorgf\u00e4ltig und hielt ihn ins Publikum, das aus den Teamchefs der anderen Nationen bestand: Team Deutschland startet als Elftes am Mittwoch um 13.15 in die erste Runde der Europameisterschaft in Mailand, sch\u00f6n weit hinten, &hellip; <a class=\"kt-excerpt-readmore\" href=\"https:\/\/www.spring-reiter.de\/index.php\/2023\/08\/29\/otto-becker-zieht-glueckslos-team-deutschland-erst-als-elftes-am-start-bei-der-em\/\" aria-label=\"Otto Becker zieht Gl\u00fcckslos: Team Deutschland erst als Elftes am Start bei der EM\">Weiterlesen<\/a><\/p>\n","protected":false},"author":3,"featured_media":0,"comment_status":"closed","ping_status":"open","sticky":false,"template":"","format":"standard","meta":{"footnotes":""},"categories":[1],"tags":[],"class_list":["post-65951","post","type-post","status-publish","format-standard","hentry","category-allgemein"],"translation":{"provider":"WPGlobus","version":"3.0.2","language":"de","enabled_languages":["de","en"],"languages":{"de":{"title":true,"content":true,"excerpt":false},"en":{"title":false,"content":false,"excerpt":false}}},"_links":{"self":[{"href":"https:\/\/www.spring-reiter.de\/index.php\/wp-json\/wp\/v2\/posts\/65951","targetHints":{"allow":["GET"]}}],"collection":[{"href":"https:\/\/www.spring-reiter.de\/index.php\/wp-json\/wp\/v2\/posts"}],"about":[{"href":"https:\/\/www.spring-reiter.de\/index.php\/wp-json\/wp\/v2\/types\/post"}],"author":[{"embeddable":true,"href":"https:\/\/www.spring-reiter.de\/index.php\/wp-json\/wp\/v2\/users\/3"}],"replies":[{"embeddable":true,"href":"https:\/\/www.spring-reiter.de\/index.php\/wp-json\/wp\/v2\/comments?post=65951"}],"version-history":[{"count":0,"href":"https:\/\/www.spring-reiter.de\/index.php\/wp-json\/wp\/v2\/posts\/65951\/revisions"}],"wp:attachment":[{"href":"https:\/\/www.spring-reiter.de\/index.php\/wp-json\/wp\/v2\/media?parent=65951"}],"wp:term":[{"taxonomy":"category","embeddable":true,"href":"https:\/\/www.spring-reiter.de\/index.php\/wp-json\/wp\/v2\/categories?post=65951"},{"taxonomy":"post_tag","embeddable":true,"href":"https:\/\/www.spring-reiter.de\/index.php\/wp-json\/wp\/v2\/tags?post=65951"}],"curies":[{"name":"wp","href":"https:\/\/api.w.org\/{rel}","templated":true}]}}