{"id":66159,"date":"2023-09-03T16:56:45","date_gmt":"2023-09-03T14:56:45","guid":{"rendered":"https:\/\/www.spring-reiter.de\/?p=66159"},"modified":"2023-09-03T17:07:44","modified_gmt":"2023-09-03T15:07:44","slug":"jetzt-bekommt-dynamix-ein-bild-in-der-reithalle-steve-guerdat-ist-europameister-philipp-weishaupt-zineday-holen-silber","status":"publish","type":"post","link":"https:\/\/www.spring-reiter.de\/index.php\/2023\/09\/03\/jetzt-bekommt-dynamix-ein-bild-in-der-reithalle-steve-guerdat-ist-europameister-philipp-weishaupt-zineday-holen-silber\/","title":{"rendered":"\u201eJetzt bekommt Dynamix ein Bild in der Reithalle\u201c &#8211; Steve Guerdat ist Europameister \u2013 Philipp Weishaupt &#038; Zineday holen Silber"},"content":{"rendered":"\n<p>Am letzten Hindernis fiel die Entscheidung: Steve Guerdat und seine Selle Francais Stute Dynamix de Belheme (v. Snaike de Blondel)  blieben auch im f\u00fcnften Parcours im Kampf um die Goldmedaille bei der Europameisterschaft in Mailand ohne einen einzigen Fehler und sicherten sich so souver\u00e4n und verdient den Europameistertitel. Zweite wurden Philipp Weishaupt und der erst neunj\u00e4hrige und \u00fcberragend springende Zineday (v. Zinedine) mit nur einem Netzroller \u00fcber f\u00fcnf schwere Runden. Ebenfalls nur einen Abwurf bis zur Entscheidung leisteten sich der Franzose Julien Epaillard und seine zehnj\u00e4hrige Stute Dubai du Cedre (v. Baloubet du Rouet). Das Paar wurde mit der Bronze-Medaille belohnt. Mit sieben. Punkten verpasste der Olympia-Sieger Ben Maher mit Faltic HB (v. Baltic VDL) knapp das Podium. Pech am letzten Tag hatte der \u00fcber drei Tage F\u00fchrende bei der EM, der Schwede Jens Fredricson und Markan Cosmopolit (v.Cohiba) rutschten auf Platz f\u00fcnf vor Weltmeister Henrik von Eckermann mit Iliana (v.Cardento) mit ebenfalls acht Strafpunkten.<\/p>\n\n\n\n<p>\u201eIch bin gesegnet mit diesem Pferd. Dynamix ist das beste Pferd, dass ich je hatte. Ich hatte durch meine ganze Karriere nat\u00fcrlich viele tolle Pferde. Aber sie vereint einfach alle Qualit\u00e4ten der anderen in einem Pferd. Ich habe sie sich ganz in Ruhe entwickeln lassen. Vor einem Jahr ging sie erst ihre erste 5*-Sterne-Pr\u00fcfung&#8220;, schw\u00e4rmt der neue Europameister \u00fcber seine Sportpartnerin. In seiner Reithalle in der Schweiz hat er alle seine besten Pferde auf Bildern verewigt, nur ein Foto von Dynamix fehlte noch. &#8222;Jetzt bekommt auch Dynamix ihr Siegerbild in der Reithalle&#8220;, lacht der Schweizer, der zugibt, manchmal Albtr\u00e4ume zu haben, dass die Braune verkauft wird.  &#8222;Zum Gl\u00fcck hat mich ihre Besitzerin beruhigt, dass ich mir \u00fcber einen m\u00f6glichen Verkauf der Stute keine Sorgen machen muss.&#8220; Jetzt bekommt Dynamix erst einmal acht Wochen Pause. Bevor es im Herbst und Winter nach Lyon und Genf geht. Pferdemann Steve Guerdat. <\/p>\n\n\n\n<p>\u00dcberragende Runden lieferten auch die Vize-Europameister der EM, Philipp Weishaupt und Zineday ab. Nur ein einziger Abwurf des neunj\u00e4hrigen Fuchs in der zweiten Runde am zweiten Tag tr\u00fcbte die ansonsten tolle Bilanz. <\/p>\n\n\n\n<p>\u201eDas Ergebnis passt\u201c, lacht Philipp Weishaupt\u00a0nach seinen Runden. &#8222;Steve hat es mit f\u00fcnf Null-Runden verdient, da oben zu stehen. Ich nicht, daher ist das auch so in Ordnung. Ich habe viele meiner Kollegen heute vor den Runden schwitzen sehen. Ich musste mir keine Sorgen machen, Zineday kann alles springen. Dabei war es am Anfang des Jahres gar nicht mein Plan, zur EM zu kommen. Von der Qualitit\u00e4t her ist er sicher nicht schlechter als Dynamix. Aber er ist eben erst neun und ich wollte ihn auch schonend aufbauen und auch nicht so vielen Leuten von seinen enormen Qualit\u00e4ten erz\u00e4hlen. Aber in Aachen hat  dann ja jeder gesehen, wie gut er ist. Als ich hierher kam, hatte ich gar keine gro\u00dfen Erwartungen, bin einfach nur von  Runde zu Runde geritten.&#8220; Auch Philipp muss sich keine Sorgen um einen Verkauf des Pferdes machen, das hat ihm seine Besitzerin versichert. Das Ziel Olympia ist klar definiert. Aber jetzt bekommt Zineday auch erst einmal eine verdiente Pause.\u00a0<\/p>\n\n\n\n<p>Etwas ungl\u00fccklich lief die erste Runde f\u00fcr den bis dahin noch in Medaillen-Reichweite liegenden Christian Kukuk mit seinem Mumbai. Nach zwei Abw\u00fcrfen durften sie in Runde zwei der besten Zw\u00f6lf nicht mehr starten und wurden am Ende 14..  \u201eIch kann gar nicht sagen, dass das eine schlechte Runde war. Ich hatte ein gutes Gef\u00fchl, ich hatte vielleicht, im Nachhinein, etwas zu viel Ruhe, bin da so mit einem normalen Rhythmus in die Dreifache reingeritten. Wenn man jetzt gesehen hat, dass das die Fehlerquelle Nummer eins war, dann h\u00e4tte ich da vielleicht mit etwas mehr Vorw\u00e4rts-Impuls reinspringen m\u00fcssen. Dann h\u00e4tte ich ihm den Oxer etwas einfacher gemacht. Den Steil in der Mitte h\u00e4tten wir dann trotzdem noch springen m\u00fcssen. Ist nat\u00fcrlich sehr \u00e4rgerlich und auch etwas entt\u00e4uschend. Trotzdem stecke ich nicht den Kopf in den Sand, ich denke, ich habe hier eine sehr konstante, sichere Woche mit Mumbai gehabt und das Gef\u00fchl ist richtig, richtig gut. Da k\u00f6nnen noch ein paar Aufgaben kommen.\u201c Christian Kukuk und Mumbai werden Ende September beim Nationenpreisfinale in Barcelona f\u00fcr Deutschland an den Start gehen. <\/p>\n\n\n\n<p>&#8222;Was Philipp und Zineday hier \u00fcber f\u00fcnf Runden geleistet haben, ist sensationell. Das haben wir uns erhofft. Das waren schwere, wenn auch faire Parcours. Auch Christian Kukuk und Mumbai haben sich hier \u00fcber die Runden sehr, sehr gut gezeigt. Heute, das war schade&#8220;, res\u00fcmierte Otto Becker im Anschlu\u00df. <\/p>\n\n\n\n<p>Das ganze Ergebnis: <a href=\"https:\/\/www.longinestiming.com\/equestrian\/2023\/european-championship-jumping-milano-milano\/resultlist_03I.html\">HIER <\/a><\/p>\n","protected":false},"excerpt":{"rendered":"<p>Am letzten Hindernis fiel die Entscheidung: Steve Guerdat und seine Selle Francais Stute Dynamix de Belheme (v. Snaike de Blondel) blieben auch im f\u00fcnften Parcours im Kampf um die Goldmedaille bei der Europameisterschaft in Mailand ohne einen einzigen Fehler und sicherten sich so souver\u00e4n und verdient den Europameistertitel. Zweite wurden &hellip; <a class=\"kt-excerpt-readmore\" href=\"https:\/\/www.spring-reiter.de\/index.php\/2023\/09\/03\/jetzt-bekommt-dynamix-ein-bild-in-der-reithalle-steve-guerdat-ist-europameister-philipp-weishaupt-zineday-holen-silber\/\" aria-label=\"\u201eJetzt bekommt Dynamix ein Bild in der Reithalle\u201c &#8211; Steve Guerdat ist Europameister \u2013 Philipp Weishaupt &#038; Zineday holen Silber\">Weiterlesen<\/a><\/p>\n","protected":false},"author":2,"featured_media":66151,"comment_status":"closed","ping_status":"open","sticky":false,"template":"","format":"standard","meta":{"footnotes":""},"categories":[1],"tags":[],"class_list":["post-66159","post","type-post","status-publish","format-standard","has-post-thumbnail","hentry","category-allgemein"],"translation":{"provider":"WPGlobus","version":"3.0.2","language":"de","enabled_languages":["de","en"],"languages":{"de":{"title":true,"content":true,"excerpt":false},"en":{"title":false,"content":false,"excerpt":false}}},"_links":{"self":[{"href":"https:\/\/www.spring-reiter.de\/index.php\/wp-json\/wp\/v2\/posts\/66159","targetHints":{"allow":["GET"]}}],"collection":[{"href":"https:\/\/www.spring-reiter.de\/index.php\/wp-json\/wp\/v2\/posts"}],"about":[{"href":"https:\/\/www.spring-reiter.de\/index.php\/wp-json\/wp\/v2\/types\/post"}],"author":[{"embeddable":true,"href":"https:\/\/www.spring-reiter.de\/index.php\/wp-json\/wp\/v2\/users\/2"}],"replies":[{"embeddable":true,"href":"https:\/\/www.spring-reiter.de\/index.php\/wp-json\/wp\/v2\/comments?post=66159"}],"version-history":[{"count":0,"href":"https:\/\/www.spring-reiter.de\/index.php\/wp-json\/wp\/v2\/posts\/66159\/revisions"}],"wp:featuredmedia":[{"embeddable":true,"href":"https:\/\/www.spring-reiter.de\/index.php\/wp-json\/wp\/v2\/media\/66151"}],"wp:attachment":[{"href":"https:\/\/www.spring-reiter.de\/index.php\/wp-json\/wp\/v2\/media?parent=66159"}],"wp:term":[{"taxonomy":"category","embeddable":true,"href":"https:\/\/www.spring-reiter.de\/index.php\/wp-json\/wp\/v2\/categories?post=66159"},{"taxonomy":"post_tag","embeddable":true,"href":"https:\/\/www.spring-reiter.de\/index.php\/wp-json\/wp\/v2\/tags?post=66159"}],"curies":[{"name":"wp","href":"https:\/\/api.w.org\/{rel}","templated":true}]}}