{"id":66531,"date":"2023-09-18T14:34:18","date_gmt":"2023-09-18T12:34:18","guid":{"rendered":"https:\/\/www.spring-reiter.de\/?p=66531"},"modified":"2023-09-18T14:34:21","modified_gmt":"2023-09-18T12:34:21","slug":"reitsport-trauert-um-guenter-till-nicht-nur-in-brandenburg","status":"publish","type":"post","link":"https:\/\/www.spring-reiter.de\/index.php\/2023\/09\/18\/reitsport-trauert-um-guenter-till-nicht-nur-in-brandenburg\/","title":{"rendered":"Reitsport trauert um G\u00fcnter Till, nicht nur in Brandenburg!"},"content":{"rendered":"\n<p>Er war der beste Springreiter der DDR, ein hervorragender Trainer und vor allem ein herzensguter Mensch: Nach schwerer Krankheit ist, wie jetzt bekannt wurde, G\u00fcnter Till am Freitag im Alter von 77 Jahren gestorben.<\/p>\n\n\n\n<p>Sechs Mal hat er sich in der DDR den Meistertitel im Springreiten geholt \u2013 aber wegen der politischen Verh\u00e4ltnisse war er in und au\u00dferhalb der DDR nur Eingeweihten bekannt. Denn Reitsport fristete in der DDR ein Nischendasein und selbst die besten DDR-Reiter durften nur innerhalb des damaligen Ostblocks starten, also weitgehend unter Ausschluss der Wahrnehmung im Westen. So kam es, dass G\u00fcnter Till auch nur 20 Mal als Sieger in internationalen Springen auftauchte.<\/p>\n\n\n\n<p>Die Wende in Deutschland kam f\u00fcr ihn zu sp\u00e4t, um das Vers\u00e4umte als Reiter nachzuholen. \u00a0Aber Klaus Diederichsmeier, der eine Reitanlage in Berlin Dallgow, um die Ecke vom zerfallenden Olympischen Dorf der Spiele von 1936 aufbaute, engagierte ihn als Trainer f\u00fcr seine talentierten T\u00f6chter Mylene und Mynou. G\u00fcnter Till nahm die Herausforderung an, verlie\u00df das heimelige Umfeld im Haupt- und Landgest\u00fct in Neustadt an der Dosse und formte die beiden Schwestern zu erfolgreichen Springreiterinnen.<\/p>\n\n\n\n<p>Es folgten noch viele Talente, die von G\u00fcnter Till lernten \u2013 und viele junge Pferde, die er ausbildete. Immer war er bereit, zu helfen, mit Rat und Tat. Auch bei jungen Reitern, die er gar nicht betreute, auf den Abreitepl\u00e4tzen in Brandenburg. Und die Erinnerung unseres Sohnes, neben der Legende in der Siegerehrung zu stehen, wird immer lebendig bleiben.<\/p>\n\n\n\n<p>Die Reitsportler, nicht nur, aber vor allem in Brandenburg haben ihm viel zu verdanken und trauern um G\u00fcnter Till.<\/p>\n","protected":false},"excerpt":{"rendered":"<p>Er war der beste Springreiter der DDR, ein hervorragender Trainer und vor allem ein herzensguter Mensch: Nach schwerer Krankheit ist, wie jetzt bekannt wurde, G\u00fcnter Till am Freitag im Alter von 77 Jahren gestorben. Sechs Mal hat er sich in der DDR den Meistertitel im Springreiten geholt \u2013 aber wegen &hellip; <a class=\"kt-excerpt-readmore\" href=\"https:\/\/www.spring-reiter.de\/index.php\/2023\/09\/18\/reitsport-trauert-um-guenter-till-nicht-nur-in-brandenburg\/\" aria-label=\"Reitsport trauert um G\u00fcnter Till, nicht nur in Brandenburg!\">Weiterlesen<\/a><\/p>\n","protected":false},"author":3,"featured_media":66532,"comment_status":"closed","ping_status":"open","sticky":false,"template":"","format":"standard","meta":{"footnotes":""},"categories":[1],"tags":[],"class_list":["post-66531","post","type-post","status-publish","format-standard","has-post-thumbnail","hentry","category-allgemein"],"translation":{"provider":"WPGlobus","version":"3.0.2","language":"de","enabled_languages":["de","en"],"languages":{"de":{"title":true,"content":true,"excerpt":false},"en":{"title":false,"content":false,"excerpt":false}}},"_links":{"self":[{"href":"https:\/\/www.spring-reiter.de\/index.php\/wp-json\/wp\/v2\/posts\/66531","targetHints":{"allow":["GET"]}}],"collection":[{"href":"https:\/\/www.spring-reiter.de\/index.php\/wp-json\/wp\/v2\/posts"}],"about":[{"href":"https:\/\/www.spring-reiter.de\/index.php\/wp-json\/wp\/v2\/types\/post"}],"author":[{"embeddable":true,"href":"https:\/\/www.spring-reiter.de\/index.php\/wp-json\/wp\/v2\/users\/3"}],"replies":[{"embeddable":true,"href":"https:\/\/www.spring-reiter.de\/index.php\/wp-json\/wp\/v2\/comments?post=66531"}],"version-history":[{"count":0,"href":"https:\/\/www.spring-reiter.de\/index.php\/wp-json\/wp\/v2\/posts\/66531\/revisions"}],"wp:featuredmedia":[{"embeddable":true,"href":"https:\/\/www.spring-reiter.de\/index.php\/wp-json\/wp\/v2\/media\/66532"}],"wp:attachment":[{"href":"https:\/\/www.spring-reiter.de\/index.php\/wp-json\/wp\/v2\/media?parent=66531"}],"wp:term":[{"taxonomy":"category","embeddable":true,"href":"https:\/\/www.spring-reiter.de\/index.php\/wp-json\/wp\/v2\/categories?post=66531"},{"taxonomy":"post_tag","embeddable":true,"href":"https:\/\/www.spring-reiter.de\/index.php\/wp-json\/wp\/v2\/tags?post=66531"}],"curies":[{"name":"wp","href":"https:\/\/api.w.org\/{rel}","templated":true}]}}