{"id":67865,"date":"2023-11-11T10:53:52","date_gmt":"2023-11-11T09:53:52","guid":{"rendered":"https:\/\/www.spring-reiter.de\/?p=67865"},"modified":"2023-11-11T10:53:55","modified_gmt":"2023-11-11T09:53:55","slug":"fn-aendert-struktur-der-geschaeftsstelle-julia-becker-verlaesst-praesidium","status":"publish","type":"post","link":"https:\/\/www.spring-reiter.de\/index.php\/2023\/11\/11\/fn-aendert-struktur-der-geschaeftsstelle-julia-becker-verlaesst-praesidium\/","title":{"rendered":"FN \u00e4ndert Struktur der Gesch\u00e4ftsstelle, Julia Becker verl\u00e4sst Pr\u00e4sidium"},"content":{"rendered":"\n<p>Das Pr\u00e4sidium der Deutschen Reiterlichen Vereinigung (FN) hat mehrheitlich eine \u00c4nderung im Organigramm der FN-Gesch\u00e4ftsstelle beschlossen. Das Justitiariat wird vom Generalsekretariat in den Bereich Personal und Finanzen \u00fcbergehen.<\/p>\n\n\n\n<p>Zum Hintergrund: FN-Generalsekret\u00e4r Soenke Lauterbach hatte Ende Oktober gem\u00e4\u00df den Corporate Governance-Richtlinien des Verbandes den Pr\u00e4sidenten, den Pr\u00e4sidialausschuss und die Kollegen in der Gesch\u00e4ftsf\u00fchrung dar\u00fcber informiert, dass er und die Justitiarin der FN eine private Partnerschaft eingegangen sind.<\/p>\n\n\n\n<p>Die Verhaltensrichtlinie der FN enth\u00e4lt einen Passus, der explizit Situationen wie diese regelt. Hier wird Transparenz gefordert und verlangt, dass sich Amtstr\u00e4ger und Mitarbeiter von FN und DOKR in ihren Entscheidungen nicht von pers\u00f6nlichen Interessen leiten lassen d\u00fcrfen. Um jedes potenzielle Risiko konsequent auszuschlie\u00dfen, hat das Pr\u00e4sidium am 10. November 2023 beschlossen, das Justitiariat aus der direkten Zuordnung des Generalsekretariats herauszul\u00f6sen und in den Bereich des Gesch\u00e4ftsf\u00fchrers Personal und Finanzen zu geben.<\/p>\n\n\n\n<p>\u201eIch bin \u00fcberzeugt, dass wir mit der heutigen Entscheidung eine angemessene L\u00f6sung gefunden haben. Wir haben die organisatorischen Voraussetzungen geschaffen, um unsere erfolgreiche und vertrauensvolle Zusammenarbeit fortzusetzen\u201c, sagte FN-Pr\u00e4sident Hans-Joachim Erbel. \u201eSoenke Lauterbach hat sich gem\u00e4\u00df der Governance-Regeln verhalten. Er hat transparent agiert und unaufgefordert die n\u00f6tigen Schritte angesto\u00dfen. Gemeinsam mit dem Pr\u00e4sidialausschuss haben wir daraufhin die organisatorischen Ma\u00dfnahmen auf den Weg gebracht, die zuk\u00fcnftige Governance-Risiken zu minimieren. Das Pr\u00e4sidium hat die \u00c4nderung best\u00e4tigt. Wir sprechen dem Generalsekret\u00e4r Soenke Lauterbach und der Justitiarin der FN unser vollstes Vertrauen aus.\u201c<\/p>\n\n\n\n<p>Julia Becker, die seit 2021 Mitglied des Pr\u00e4sidiums war, hat sich aufgrund unterschiedlicher Auffassungen hinsichtlich der neuen Verbandsstruktur aus dem Pr\u00e4sidium zur\u00fcckgezogen.<em> (fn-press)<\/em><\/p>\n","protected":false},"excerpt":{"rendered":"<p>Das Pr\u00e4sidium der Deutschen Reiterlichen Vereinigung (FN) hat mehrheitlich eine \u00c4nderung im Organigramm der FN-Gesch\u00e4ftsstelle beschlossen. Das Justitiariat wird vom Generalsekretariat in den Bereich Personal und Finanzen \u00fcbergehen. Zum Hintergrund: FN-Generalsekret\u00e4r Soenke Lauterbach hatte Ende Oktober gem\u00e4\u00df den Corporate Governance-Richtlinien des Verbandes den Pr\u00e4sidenten, den Pr\u00e4sidialausschuss und die Kollegen in &hellip; <a class=\"kt-excerpt-readmore\" href=\"https:\/\/www.spring-reiter.de\/index.php\/2023\/11\/11\/fn-aendert-struktur-der-geschaeftsstelle-julia-becker-verlaesst-praesidium\/\" aria-label=\"FN \u00e4ndert Struktur der Gesch\u00e4ftsstelle, Julia Becker verl\u00e4sst Pr\u00e4sidium\">Weiterlesen<\/a><\/p>\n","protected":false},"author":3,"featured_media":15806,"comment_status":"closed","ping_status":"open","sticky":false,"template":"","format":"standard","meta":{"footnotes":""},"categories":[1],"tags":[],"class_list":["post-67865","post","type-post","status-publish","format-standard","has-post-thumbnail","hentry","category-allgemein"],"translation":{"provider":"WPGlobus","version":"3.0.2","language":"de","enabled_languages":["de","en"],"languages":{"de":{"title":true,"content":true,"excerpt":false},"en":{"title":false,"content":false,"excerpt":false}}},"_links":{"self":[{"href":"https:\/\/www.spring-reiter.de\/index.php\/wp-json\/wp\/v2\/posts\/67865","targetHints":{"allow":["GET"]}}],"collection":[{"href":"https:\/\/www.spring-reiter.de\/index.php\/wp-json\/wp\/v2\/posts"}],"about":[{"href":"https:\/\/www.spring-reiter.de\/index.php\/wp-json\/wp\/v2\/types\/post"}],"author":[{"embeddable":true,"href":"https:\/\/www.spring-reiter.de\/index.php\/wp-json\/wp\/v2\/users\/3"}],"replies":[{"embeddable":true,"href":"https:\/\/www.spring-reiter.de\/index.php\/wp-json\/wp\/v2\/comments?post=67865"}],"version-history":[{"count":0,"href":"https:\/\/www.spring-reiter.de\/index.php\/wp-json\/wp\/v2\/posts\/67865\/revisions"}],"wp:featuredmedia":[{"embeddable":true,"href":"https:\/\/www.spring-reiter.de\/index.php\/wp-json\/wp\/v2\/media\/15806"}],"wp:attachment":[{"href":"https:\/\/www.spring-reiter.de\/index.php\/wp-json\/wp\/v2\/media?parent=67865"}],"wp:term":[{"taxonomy":"category","embeddable":true,"href":"https:\/\/www.spring-reiter.de\/index.php\/wp-json\/wp\/v2\/categories?post=67865"},{"taxonomy":"post_tag","embeddable":true,"href":"https:\/\/www.spring-reiter.de\/index.php\/wp-json\/wp\/v2\/tags?post=67865"}],"curies":[{"name":"wp","href":"https:\/\/api.w.org\/{rel}","templated":true}]}}