{"id":67989,"date":"2023-11-15T22:37:42","date_gmt":"2023-11-15T21:37:42","guid":{"rendered":"https:\/\/www.spring-reiter.de\/?p=67989"},"modified":"2023-11-15T22:37:46","modified_gmt":"2023-11-15T21:37:46","slug":"christian-kukuk-in-prag-als-gcl-rider-of-the-year-geehrt","status":"publish","type":"post","link":"https:\/\/www.spring-reiter.de\/index.php\/2023\/11\/15\/christian-kukuk-in-prag-als-gcl-rider-of-the-year-geehrt\/","title":{"rendered":"Christian Kukuk in Prag als &#8218;GCL Rider of the year&#8216; geehrt"},"content":{"rendered":"\n<p>Zum vierten Mal wurden in Prag am Mittwochabend die GCL Season Awards vergeben. Bei der glanzvollen Preisverleihung kurz vor dem Start der Prague Playoffs wurden die \u00fcberragenden Leistungen von Reitern und Pferden dieses Jahres gew\u00fcrdigt. <\/p>\n\n\n\n<p>In der Kategorie <strong>&#8218;Rider of the year&#8216; <\/strong>gewann Christian Kukuk vom Team Riesenbeck Inernational. &#8222;In einer Saison, die vom harten Wettbewerb und bemerkenswerten Leistungen gepr\u00e4gt war, stach Christian Kukuk als Inbegriff von Spitzenleistung im Reitsport hervor. Als Repr\u00e4sentant von Riesenbeck International, powered by Kingsland Equestrian, zeigte Kukuk eine au\u00dfergew\u00f6hnliche Best\u00e4ndigkeit und einen enormen Sportsgeist. Damit hat er am Ende wesentlich zum Sieg von Riesenbeck International bei der GCL-Meisterschaft 2023 beigetragen. Sein Einsatz f\u00fcr die Serie sicherte ihm in dieser Saison 131 Punkte, 8 Podiumspl\u00e4tze, 5 Siege und mit einer Abwurfquote von 65% &#8211; damit hatte er sich den Titel GCL-Reiter des Jahres mehr als verdient&#8220;, hie\u00df es in der Laudatio. <\/p>\n\n\n\n<p>&#8222;Es war ein sehr emotionales Jahr, wir kamen zur letzten Show in Riad, wo alles m\u00f6glich war, aber viel auf dem Spiel stand. Ich habe ein sehr, sehr gro\u00dfes Team hinter mir, und dieser Preis geht auch an all unsere Besitzer, Pfleger, Fans und die Familie, aber hinter allem steht ein gro\u00dfer Mann, n\u00e4mlich Ludger. Er hat uns die ganze Saison \u00fcber eine klare Richtung vorgegeben, wir wollten die Meisterschaft gewinnen und wir haben uns alle an denselben Plan gehalten. Der Teamgeist, den wir dieses Jahr hatten, war unglaublich&#8220;, bedankte sich Christian Kukuk bei der Preisverleihung in Prag. <\/p>\n\n\n\n<p>In der Kategorie &#8218;<strong>GCL U25 Reiterin des Jahres&#8216; <\/strong>wurde Nina Mallevaey von den Rome Gladiators ausgezeichnet. <\/p>\n\n\n\n<p>&#8222;Die Zukunft des Pferdesports gl\u00e4nzt mit Talenten wie Nina Mallevaey. Als wichtiges Mitglied der Rome Gladiators powered by ClipMyHorse.TV hat Mallevaey au\u00dfergew\u00f6hnliche F\u00e4higkeiten bewiesen, die ihr den Titel GCL U25 of the Year einbrachten. Ihre Leistungen zeigen nicht nur ihren individuellen Erfolg, sondern auch ihren Beitrag zu einer vielversprechenden Zukunft des Sports&#8220;, so die Begr\u00fcndung der Jury. <\/p>\n\n\n\n<p>Auf der B\u00fchne bedankte sich Nina Mallevaey: &#8222;Ich habe davon getr\u00e4umt, hier bei den gro\u00dfen Turnieren dabei zu sein. Ich habe gro\u00dfes Gl\u00fcck, dass ich das Team um mich herum habe. Daf\u00fcr muss ich auch unserem Teambesitzer Mark Rien und Teammanager Nick Skelton danken.&#8220;<\/p>\n\n\n\n<p>\u2018<strong>GCL-Pferd es Jahres&#8216; <\/strong>wurde Beauville Z N.O.P, geritten von Maikel van der Vleuten. Das Paar gl\u00e4nzte durch eine extreme Konstanz. Beauville Z N.O.P, gez\u00fcchtet von Pascal und Monique Habets und im Besitz von Marta Ortega P\u00e9rez, hat eine au\u00dfergew\u00f6hnliche GCL-Saison hinter sich.<\/p>\n\n\n\n<p>So trug Beauville Z N.O.P in diesem Jahr mit zwei Siegen und 5 Podiumspl\u00e4tzen ma\u00dfgeblich zum Erfolg des Teams von Madrid In Motion bei und erzielte eine Fehlerquote von 69,2 % bei einem Durchschnitt von nur 1,2 Strafpunkten pro Runde.<\/p>\n\n\n\n<p>Maikel van der Vleuten nahm die Auszeichnung im Namen von Marta Ortega Perez entgegen: &#8222;Wir arbeiten seit vielen Jahren mit Marta zusammen, und es ist fantastisch, dass sie uns unterst\u00fctzt und uns hilft, die Ergebnisse zu erzielen. Das sind die Momente, f\u00fcr die wir alles tun.&#8220;<\/p>\n\n\n\n<p>Vater Eric van der Vleuten, der den Preis f\u00fcr die Z\u00fcchter Pascal und Monique Habets entgegennahm, erkl\u00e4rte: &#8222;Jeder wei\u00df, dass viele Leute viele Pferde z\u00fcchten, und es ist nicht einfach, ein Pferd auf diesem Niveau zu z\u00fcchten, wir sprechen hier von der h\u00f6chsten Stufe. Dies ist ein gro\u00dfer Erfolg f\u00fcr die Habets&#8220;.<\/p>\n\n\n\n<p><\/p>\n","protected":false},"excerpt":{"rendered":"<p>Zum vierten Mal wurden in Prag am Mittwochabend die GCL Season Awards vergeben. Bei der glanzvollen Preisverleihung kurz vor dem Start der Prague Playoffs wurden die \u00fcberragenden Leistungen von Reitern und Pferden dieses Jahres gew\u00fcrdigt. In der Kategorie &#8218;Rider of the year&#8216; gewann Christian Kukuk vom Team Riesenbeck Inernational. &#8222;In &hellip; <a class=\"kt-excerpt-readmore\" href=\"https:\/\/www.spring-reiter.de\/index.php\/2023\/11\/15\/christian-kukuk-in-prag-als-gcl-rider-of-the-year-geehrt\/\" aria-label=\"Christian Kukuk in Prag als &#8218;GCL Rider of the year&#8216; geehrt\">Weiterlesen<\/a><\/p>\n","protected":false},"author":2,"featured_media":67991,"comment_status":"closed","ping_status":"open","sticky":false,"template":"","format":"standard","meta":{"footnotes":""},"categories":[1],"tags":[],"class_list":["post-67989","post","type-post","status-publish","format-standard","has-post-thumbnail","hentry","category-allgemein"],"translation":{"provider":"WPGlobus","version":"3.0.2","language":"de","enabled_languages":["de","en"],"languages":{"de":{"title":true,"content":true,"excerpt":false},"en":{"title":false,"content":false,"excerpt":false}}},"_links":{"self":[{"href":"https:\/\/www.spring-reiter.de\/index.php\/wp-json\/wp\/v2\/posts\/67989","targetHints":{"allow":["GET"]}}],"collection":[{"href":"https:\/\/www.spring-reiter.de\/index.php\/wp-json\/wp\/v2\/posts"}],"about":[{"href":"https:\/\/www.spring-reiter.de\/index.php\/wp-json\/wp\/v2\/types\/post"}],"author":[{"embeddable":true,"href":"https:\/\/www.spring-reiter.de\/index.php\/wp-json\/wp\/v2\/users\/2"}],"replies":[{"embeddable":true,"href":"https:\/\/www.spring-reiter.de\/index.php\/wp-json\/wp\/v2\/comments?post=67989"}],"version-history":[{"count":0,"href":"https:\/\/www.spring-reiter.de\/index.php\/wp-json\/wp\/v2\/posts\/67989\/revisions"}],"wp:featuredmedia":[{"embeddable":true,"href":"https:\/\/www.spring-reiter.de\/index.php\/wp-json\/wp\/v2\/media\/67991"}],"wp:attachment":[{"href":"https:\/\/www.spring-reiter.de\/index.php\/wp-json\/wp\/v2\/media?parent=67989"}],"wp:term":[{"taxonomy":"category","embeddable":true,"href":"https:\/\/www.spring-reiter.de\/index.php\/wp-json\/wp\/v2\/categories?post=67989"},{"taxonomy":"post_tag","embeddable":true,"href":"https:\/\/www.spring-reiter.de\/index.php\/wp-json\/wp\/v2\/tags?post=67989"}],"curies":[{"name":"wp","href":"https:\/\/api.w.org\/{rel}","templated":true}]}}