{"id":68193,"date":"2023-11-22T16:54:54","date_gmt":"2023-11-22T15:54:54","guid":{"rendered":"https:\/\/www.spring-reiter.de\/?p=68193"},"modified":"2023-11-22T16:54:57","modified_gmt":"2023-11-22T15:54:57","slug":"oppermann-in-doppelrolle-es-geht-weiter","status":"publish","type":"post","link":"https:\/\/www.spring-reiter.de\/index.php\/2023\/11\/22\/oppermann-in-doppelrolle-es-geht-weiter\/","title":{"rendered":"Oppermann in Doppelrolle: \u201eEs geht weiter!\u201c"},"content":{"rendered":"\n<p>Schon als Junger Reiter war er in der Frankfurter Festhalle am Start. \u201eDas ist schon ein paar Jahre her\u201c, lacht J\u00f6rg Oppermann. Seitdem war er (fast) jedes Jahr dabei. \u201eWenn ich passende Pferde hatte und die in Schuss waren, dann habe ich mir Frankfurt nie entgehen lassen.\u201c In diesem Jahr wird er vom 13. bis 17. Dezember nahezu rund um die Uhr in der Festhalle aktiv sein, beim 50. Geburtstag des Turniers ist er in neuer Doppel-Funktion vor Ort: als Reiter und zugleich als hessischer Landestrainer der Nachwuchsreiter.<br><br>Aus Reiter- und aus Trainersicht steht f\u00fcr Oppermann klar fest: \u201eDas Turnier ist zum Ende des Jahres einfach noch mal ein Highlight und gerade mit dem Hessentag auch f\u00fcr den Nachwuchs etwas ganz Besonderes: mit dem Finale im Preis der Dieter-Hofmann-Stiftung, mit dem Mannschafts-Springen und das kombiniert mit den Angeboten f\u00fcr die ganze Familie \u2013 das gibt es sonst nirgendwo.\u201c Als Landestrainer ist f\u00fcr Oppermann nat\u00fcrlich das Finale der Dieter-Hofmann-Stiftung besonders interessant: \u201eAuf die 15 punktbesten Junioren und Jungen Reiter, die sich \u00fcber die f\u00fcnf Qualifikationen f\u00fcr Frankfurt einen Startplatz gesichert haben, werfe ich ein sehr gespanntes Auge \u2013 auch mit Blick auf das kommende Jahr mit den Meisterschaften.\u201c<\/p>\n\n\n\n<p>Wie in den Jahren zuvor steigt der 38-J\u00e4hrige aber auch selbst wieder in den Sattel. \u201eIch bringe zwei Pferde mit: Olymp und ein Nachwuchspferd.\u201c Olymp ist ein zehnj\u00e4hriger Oldenburger, mit dem Oppermann schon bis zum Drei-Sterne-Niveau international unterwegs war. \u201eOlymp hat einen unwahrscheinlichen Parcours-Instinkt. Er wei\u00df genau, wann er sich konzentrieren muss, aber im Stall ist er total lieb und verschmust. Wir haben auch schon ein paar Springen gewonnen, aber wir arrangieren uns auch noch (lacht). Er hat seine Vorz\u00fcge und die versuchen wir, im Parcours herauszukitzeln.\u201c<br><br>Die h\u00e4rteste Konkurrenz f\u00fcr Oppermann kommt nicht zuletzt auch aus den eigenen hessischen Reihen: Mit der 27-j\u00e4hrigen Nicola Pohl, die auf Arlo de Blondel gerade in Prag ein 1,50-Meter-Springen gegen die Weltelite gewonnen hat. Die siegreiche Amazone bringt gleich zwei ihrer \u201aStallkollegen\u2019 von Dagobertshausen mit, Sophie Hinners und Robert Whitaker, beide Namen sind in der internationalen Szene bestens bekannt. Au\u00dferdem mit dem aktuellen Hessenmeister Ulrich Hensel und der hessischen Top-Springreiterin Darline Eisenmenger.<br><br>2017 hat Oppermann einen seiner gr\u00f6\u00dften Erfolge \u00fcberhaupt in Frankfurt gefeiert: Den Sieg im Gro\u00dfen Preis mit Che Guevara. 2019 hat er den Hengst aus dem Sport verabschiedet, seitdem genie\u00dft er seine Rente. \u201eChe Guevara steht bei mir hier im Stall, geht t\u00e4glich auf sein Paddock und f\u00fchrt ein entspanntes Rentnerleben. Die Erinnerung an unseren Sieg in Frankfurt \u2013 die bleibt! Das war ein absolutes Highlight meiner Laufbahn. Aber es war nicht nur dieser Sieg. Che Guevara war auch im Championat mal Zweiter und hat in der speziellen Atmosph\u00e4re von Frankfurt \u00fcber viele Jahre dort super Runden abgeliefert.\u201c Nach seinem Karriereende ist Che Guevara in die Zucht gegangen und steht den Z\u00fcchtern \u00fcber das Gest\u00fct Schafhof der Familie Linsenhoff-Rath zur Verf\u00fcgung. Nat\u00fcrlich setzt auch Oppermann auf die Gene seines Toppartners. \u201eIch habe f\u00fcnf Che Guevara-Nachkommen zu Hause, die \u00e4ltesten sind jetzt drei und eins kann ich schon sagen: Es sind sch\u00f6ne Typen mit super Charakter und einem richtig guten Galopp.\u201c Das Ziel ist klar: Mit einem selbstgezogenen Che Guevara-Nachkommen in einigen Jahren wieder in der Festhalle f\u00fcr Toprunden sorgen. \u201eEs geht weiter\u201c, erkl\u00e4rt Oppermann mit Nachdruck und freut sich.<\/p>\n\n\n\n<p><strong>Tickets und Infos<\/strong><br>f\u00fcr das Internationale Festhallen Reitturnier Frankfurt 2023 gibt es entweder direkt \u00fcber die Website&nbsp;<a href=\"https:\/\/amxe.net\/k68140uf-txidiis1-boo16s37-1c9g\">www.festhallenreitturnier-frankfurt.com<\/a>&nbsp;oder beim Ticketdienstleister Reservix&nbsp;<a href=\"https:\/\/amxe.net\/k68140uf-txidiis1-h8xbiuba-1alb\">www.reservix.de<\/a>.<br>Unbedingt den Termin vormerken: 13.-17. Dezember 2023!<\/p>\n","protected":false},"excerpt":{"rendered":"<p>Schon als Junger Reiter war er in der Frankfurter Festhalle am Start. \u201eDas ist schon ein paar Jahre her\u201c, lacht J\u00f6rg Oppermann. Seitdem war er (fast) jedes Jahr dabei. \u201eWenn ich passende Pferde hatte und die in Schuss waren, dann habe ich mir Frankfurt nie entgehen lassen.\u201c In diesem Jahr &hellip; <a class=\"kt-excerpt-readmore\" href=\"https:\/\/www.spring-reiter.de\/index.php\/2023\/11\/22\/oppermann-in-doppelrolle-es-geht-weiter\/\" aria-label=\"Oppermann in Doppelrolle: \u201eEs geht weiter!\u201c\">Weiterlesen<\/a><\/p>\n","protected":false},"author":2,"featured_media":68195,"comment_status":"closed","ping_status":"open","sticky":false,"template":"","format":"standard","meta":{"footnotes":""},"categories":[1],"tags":[],"class_list":["post-68193","post","type-post","status-publish","format-standard","has-post-thumbnail","hentry","category-allgemein"],"translation":{"provider":"WPGlobus","version":"3.0.2","language":"de","enabled_languages":["de","en"],"languages":{"de":{"title":true,"content":true,"excerpt":false},"en":{"title":false,"content":false,"excerpt":false}}},"_links":{"self":[{"href":"https:\/\/www.spring-reiter.de\/index.php\/wp-json\/wp\/v2\/posts\/68193","targetHints":{"allow":["GET"]}}],"collection":[{"href":"https:\/\/www.spring-reiter.de\/index.php\/wp-json\/wp\/v2\/posts"}],"about":[{"href":"https:\/\/www.spring-reiter.de\/index.php\/wp-json\/wp\/v2\/types\/post"}],"author":[{"embeddable":true,"href":"https:\/\/www.spring-reiter.de\/index.php\/wp-json\/wp\/v2\/users\/2"}],"replies":[{"embeddable":true,"href":"https:\/\/www.spring-reiter.de\/index.php\/wp-json\/wp\/v2\/comments?post=68193"}],"version-history":[{"count":0,"href":"https:\/\/www.spring-reiter.de\/index.php\/wp-json\/wp\/v2\/posts\/68193\/revisions"}],"wp:featuredmedia":[{"embeddable":true,"href":"https:\/\/www.spring-reiter.de\/index.php\/wp-json\/wp\/v2\/media\/68195"}],"wp:attachment":[{"href":"https:\/\/www.spring-reiter.de\/index.php\/wp-json\/wp\/v2\/media?parent=68193"}],"wp:term":[{"taxonomy":"category","embeddable":true,"href":"https:\/\/www.spring-reiter.de\/index.php\/wp-json\/wp\/v2\/categories?post=68193"},{"taxonomy":"post_tag","embeddable":true,"href":"https:\/\/www.spring-reiter.de\/index.php\/wp-json\/wp\/v2\/tags?post=68193"}],"curies":[{"name":"wp","href":"https:\/\/api.w.org\/{rel}","templated":true}]}}