{"id":68583,"date":"2023-12-09T23:37:32","date_gmt":"2023-12-09T22:37:32","guid":{"rendered":"https:\/\/www.spring-reiter.de\/?p=68583"},"modified":"2023-12-09T23:37:38","modified_gmt":"2023-12-09T22:37:38","slug":"no-limits-henrik-von-eckermann-gewinnt-auch-credit-suisse-challenge-in-genf","status":"publish","type":"post","link":"https:\/\/www.spring-reiter.de\/index.php\/2023\/12\/09\/no-limits-henrik-von-eckermann-gewinnt-auch-credit-suisse-challenge-in-genf\/","title":{"rendered":"No limits: Henrik von Eckermann gewinnt auch Credit Suisse Challenge in Genf"},"content":{"rendered":"\n<p>Sein Erfolg ist kein Zufall: Henrik von Eckermann demonstriert Woche f\u00fcr Woche, warum er die Nummer eins der Welt ist. Und das schon anderthalb Jahre lang. Auch in Genf in diesem Wochenende ist diese Dominanz nicht zu \u00fcbersehen. Gleich zwei Springen konnte der Schwede am Samstag f\u00fcr sich entscheiden. Nach dem Coupe de Geneve am Nachmittag mit Iliana, sicherte sich der schnelle Schwede auch den Sieg in der Credit Suisse Challenge \u00fcber 1,55 am Samstagabend. <\/p>\n\n\n\n<p>Im Sattel von Glamour Girl (v. VDL Zirocco Blue) schubste er den bis dahin souver\u00e4n und lange F\u00fchrenden Lorenzo de Luca mit Don Vito (v. Quaprice Bois Margot) vom Thron. Der Italiener hatte 69.88 Sekunden f\u00fcr den Parcours ben\u00f6tigt, Eckermann war bereits nach 68.31 Sekunden im Ziel und Lorenzo de Luca geschlagen. <\/p>\n\n\n\n<p>Platz drei sicherte sich als letzter Starter der Schweizer Anthony Bourquard mit Ecuador de la Cense (v. Kannan). <\/p>\n\n\n\n<p>Bester Deutscher war Daniel Deusser mit einer sehenswerten und fehlerfreien Runde mit seinem Tobago Sohn Otello de Guldenboom, der seinem ber\u00fchmten Vater auf den ersten Blick vielleicht nicht besonders \u00e4hnelt.  Auf den zweiten Blick aber schon und das ist ziemlich vielversprechend. <\/p>\n\n\n\n<p>Das ganze Ergebnis: <a href=\"https:\/\/results.worldsporttiming.com\/event\/178\/competition\/5812\/result\">HIER <\/a><\/p>\n","protected":false},"excerpt":{"rendered":"<p>Sein Erfolg ist kein Zufall: Henrik von Eckermann demonstriert Woche f\u00fcr Woche, warum er die Nummer eins der Welt ist. Und das schon anderthalb Jahre lang. Auch in Genf in diesem Wochenende ist diese Dominanz nicht zu \u00fcbersehen. Gleich zwei Springen konnte der Schwede am Samstag f\u00fcr sich entscheiden. Nach &hellip; <a class=\"kt-excerpt-readmore\" href=\"https:\/\/www.spring-reiter.de\/index.php\/2023\/12\/09\/no-limits-henrik-von-eckermann-gewinnt-auch-credit-suisse-challenge-in-genf\/\" aria-label=\"No limits: Henrik von Eckermann gewinnt auch Credit Suisse Challenge in Genf\">Weiterlesen<\/a><\/p>\n","protected":false},"author":2,"featured_media":68586,"comment_status":"closed","ping_status":"open","sticky":false,"template":"","format":"standard","meta":{"footnotes":""},"categories":[1],"tags":[],"class_list":["post-68583","post","type-post","status-publish","format-standard","has-post-thumbnail","hentry","category-allgemein"],"translation":{"provider":"WPGlobus","version":"3.0.2","language":"de","enabled_languages":["de","en"],"languages":{"de":{"title":true,"content":true,"excerpt":false},"en":{"title":false,"content":false,"excerpt":false}}},"_links":{"self":[{"href":"https:\/\/www.spring-reiter.de\/index.php\/wp-json\/wp\/v2\/posts\/68583","targetHints":{"allow":["GET"]}}],"collection":[{"href":"https:\/\/www.spring-reiter.de\/index.php\/wp-json\/wp\/v2\/posts"}],"about":[{"href":"https:\/\/www.spring-reiter.de\/index.php\/wp-json\/wp\/v2\/types\/post"}],"author":[{"embeddable":true,"href":"https:\/\/www.spring-reiter.de\/index.php\/wp-json\/wp\/v2\/users\/2"}],"replies":[{"embeddable":true,"href":"https:\/\/www.spring-reiter.de\/index.php\/wp-json\/wp\/v2\/comments?post=68583"}],"version-history":[{"count":0,"href":"https:\/\/www.spring-reiter.de\/index.php\/wp-json\/wp\/v2\/posts\/68583\/revisions"}],"wp:featuredmedia":[{"embeddable":true,"href":"https:\/\/www.spring-reiter.de\/index.php\/wp-json\/wp\/v2\/media\/68586"}],"wp:attachment":[{"href":"https:\/\/www.spring-reiter.de\/index.php\/wp-json\/wp\/v2\/media?parent=68583"}],"wp:term":[{"taxonomy":"category","embeddable":true,"href":"https:\/\/www.spring-reiter.de\/index.php\/wp-json\/wp\/v2\/categories?post=68583"},{"taxonomy":"post_tag","embeddable":true,"href":"https:\/\/www.spring-reiter.de\/index.php\/wp-json\/wp\/v2\/tags?post=68583"}],"curies":[{"name":"wp","href":"https:\/\/api.w.org\/{rel}","templated":true}]}}