{"id":70234,"date":"2024-02-17T17:59:36","date_gmt":"2024-02-17T16:59:36","guid":{"rendered":"https:\/\/www.spring-reiter.de\/?p=70234"},"modified":"2024-02-17T17:59:40","modified_gmt":"2024-02-17T16:59:40","slug":"daniel-deusser-kiana-vh-herdershof-in-pole-position-im-csi4-hauptspringen-der-sunshine-tour","status":"publish","type":"post","link":"https:\/\/www.spring-reiter.de\/index.php\/2024\/02\/17\/daniel-deusser-kiana-vh-herdershof-in-pole-position-im-csi4-hauptspringen-der-sunshine-tour\/","title":{"rendered":"Daniel Deusser &#038; Kiana vh Herdershof in Pole-Position im CSI4* Hauptspringen der Sunshine Tour"},"content":{"rendered":"\n<p>Wenn diese beiden im Angriffsmodus sind, muss sich die Konkurrenz warm anziehen. Das haben sie oft bewiesen und so war es auch im Hauptspringen bei der Sunshine Tour am Samstagvormittag. In der CSI4* Medium Tour \u00fcber 1,50m  und Zwei-Phasen galoppierten Deusser und seine Speed-Queen von Toulon in nur 27.46 Sekunden \u00fcber die Ziellinie. F\u00fcr den 42-j\u00e4hrigen  war es bereits der zweite Start in der Pr\u00fcfung. Auch mit dem ersten Pferd, dem zehnj\u00e4hrigen Ozzy van de Bisschop (v. Diamant de Semilly),  konnte sich der Aachen Sieger von 2021 auf Rang zehn platzieren. <\/p>\n\n\n\n<p>Auf Platz zwei sprang der Schweizer Edouard Schmitz im Sattel von Karel Doorman (v. Dakar VDL) mit einer Zeit von 27.69 Sekunden in der Zweiten Phase. Platz drei auf dem Podium sicherte sich Gilles Thomas mit seiner f\u00fcr ihn neuen Stute Toulini Olympic (v. Toulouse). Die 12-j\u00e4hrige war bis Ende 2023 von Edwina Tops-Alexander und davor von u.a. Nisse L\u00fcneburg erfolgreich vorgestellt worden. <\/p>\n\n\n\n<p>Platz vier ging ebenfalls nach Deutschland, an Kendra Claricia Brinkop mit Nector van&#8217;t Bisshop (v. Echo van Spieveld) vor Max K\u00fchner und mit dem achtj\u00e4hrigen EIC Schabernack (v. Cornet Obolensky). <\/p>\n\n\n\n<p>Das ganze Ergebnis: <a href=\"https:\/\/www.longinestiming.com\/equestrian\/2024\/andalucia-sunshine-tour-week-2-vejer-de-la-frontera\/resultlist_151.html\">HIER <\/a><\/p>\n","protected":false},"excerpt":{"rendered":"<p>Wenn diese beiden im Angriffsmodus sind, muss sich die Konkurrenz warm anziehen. Das haben sie oft bewiesen und so war es auch im Hauptspringen bei der Sunshine Tour am Samstagvormittag. In der CSI4* Medium Tour \u00fcber 1,50m und Zwei-Phasen galoppierten Deusser und seine Speed-Queen von Toulon in nur 27.46 Sekunden &hellip; <a class=\"kt-excerpt-readmore\" href=\"https:\/\/www.spring-reiter.de\/index.php\/2024\/02\/17\/daniel-deusser-kiana-vh-herdershof-in-pole-position-im-csi4-hauptspringen-der-sunshine-tour\/\" aria-label=\"Daniel Deusser &#038; Kiana vh Herdershof in Pole-Position im CSI4* Hauptspringen der Sunshine Tour\">Weiterlesen<\/a><\/p>\n","protected":false},"author":2,"featured_media":70250,"comment_status":"closed","ping_status":"open","sticky":false,"template":"","format":"standard","meta":{"footnotes":""},"categories":[1],"tags":[],"class_list":["post-70234","post","type-post","status-publish","format-standard","has-post-thumbnail","hentry","category-allgemein"],"translation":{"provider":"WPGlobus","version":"3.0.2","language":"de","enabled_languages":["de","en"],"languages":{"de":{"title":true,"content":true,"excerpt":false},"en":{"title":false,"content":false,"excerpt":false}}},"_links":{"self":[{"href":"https:\/\/www.spring-reiter.de\/index.php\/wp-json\/wp\/v2\/posts\/70234","targetHints":{"allow":["GET"]}}],"collection":[{"href":"https:\/\/www.spring-reiter.de\/index.php\/wp-json\/wp\/v2\/posts"}],"about":[{"href":"https:\/\/www.spring-reiter.de\/index.php\/wp-json\/wp\/v2\/types\/post"}],"author":[{"embeddable":true,"href":"https:\/\/www.spring-reiter.de\/index.php\/wp-json\/wp\/v2\/users\/2"}],"replies":[{"embeddable":true,"href":"https:\/\/www.spring-reiter.de\/index.php\/wp-json\/wp\/v2\/comments?post=70234"}],"version-history":[{"count":0,"href":"https:\/\/www.spring-reiter.de\/index.php\/wp-json\/wp\/v2\/posts\/70234\/revisions"}],"wp:featuredmedia":[{"embeddable":true,"href":"https:\/\/www.spring-reiter.de\/index.php\/wp-json\/wp\/v2\/media\/70250"}],"wp:attachment":[{"href":"https:\/\/www.spring-reiter.de\/index.php\/wp-json\/wp\/v2\/media?parent=70234"}],"wp:term":[{"taxonomy":"category","embeddable":true,"href":"https:\/\/www.spring-reiter.de\/index.php\/wp-json\/wp\/v2\/categories?post=70234"},{"taxonomy":"post_tag","embeddable":true,"href":"https:\/\/www.spring-reiter.de\/index.php\/wp-json\/wp\/v2\/tags?post=70234"}],"curies":[{"name":"wp","href":"https:\/\/api.w.org\/{rel}","templated":true}]}}