{"id":70923,"date":"2024-03-19T00:21:24","date_gmt":"2024-03-18T23:21:24","guid":{"rendered":"https:\/\/www.spring-reiter.de\/?p=70923"},"modified":"2024-03-19T00:21:28","modified_gmt":"2024-03-18T23:21:28","slug":"die-internationale-reiterwelt-trauert-um-jean-maurice-bonneau","status":"publish","type":"post","link":"https:\/\/www.spring-reiter.de\/index.php\/2024\/03\/19\/die-internationale-reiterwelt-trauert-um-jean-maurice-bonneau\/","title":{"rendered":"Die internationale Reiterwelt trauert um Jean Maurice Bonneau"},"content":{"rendered":"\n<p>Gerade war er an diesem Wochenende noch dabei beim Saut Herm\u00e8s in Paris, hat mit den vielen Freunden geplaudert und gescherzt, die er in der Reiterszene hat. Er hat sein Buch signiert, das den Titel tr\u00e4gt: &#8222;On y sera un jour, mon grand&#8220;, &#8222;Irgendwann sind wir da, mein Gro\u00dfer&#8220;.\u00a0Niemand merkte ihm an, auf welchen Weg er sich machen wollte. Zur\u00fcck in der Vendee, zwischen Nantes und La Rochelle, wo er seit vielen Jahren seine Heimat gefunden hat, hat Jean Maurice Bonneau mit 64 Jahren in seinem Haus Abschied von der Welt genommen. Die ganze internationale Reiterwelt trauert mit seiner Familie um diesen gro\u00dfartigen Menschen, Reiter und Trainer.<\/p>\n\n\n\n<p>In den neunziger Jahren geh\u00f6rte der Landwirtssohn zur franz\u00f6sischen Springreiter-Equipe, gewann mit ihr 1995 in St. Gallen Bronze bei der Europameisterschaft. Schon da begann er zu reflektieren, was er als Trainer anders machen w\u00fcrde. Und er setzte als Nationaltrainer in Frankreich und in Brasilien seine Ideen erfolgreich um, geh\u00f6rte seit Jahren zum Auswahlgremium der Young-Riders Academy.<\/p>\n\n\n\n<p>Als Teamchef der franz\u00f6sischen Equipe hatte er das von ihm selbst so genannte \u201eSystem Jean-Maurice Bonneau&#8220; entwickelt, das auf drei S\u00e4ulen (PTM) beruhte und unver\u00e4ndert zeitlos wirkt. Er selbst hat es einmal so erkl\u00e4rt:<\/p>\n\n\n\n<p>\u201eAls ich die Z\u00fcgel in die Hand nahm, sagte ich zu den Reitern: Wir werden versuchen, eine gemeinsame Sprache mit drei Schl\u00fcsselw\u00f6rtern zu etablieren, mit denen wir genau wissen k\u00f6nnen, wo wir stehen:<\/p>\n\n\n\n<p>1. S\u00e4ule &#8211; die Physis <\/p>\n\n\n\n<p>Damals, vor 20 Jahren, als ich bei jedem Treffen sagte: ,In der Tasche ist Sportkleidung, ein Trainingsanzug und Schuhe, um laufen zu gehen\u2018, und wir mit dem Joggen anfingen, bevor wir mit dem Reiten anfingen, wurde hinten gemeckert!<\/p>\n\n\n\n<p>2. S\u00e4ule &#8211; die Technik <\/p>\n\n\n\n<p>Die Technik ist das Erlernen einer technischen Bewegung sowohl f\u00fcr das Pferd als auch f\u00fcr den Reiter, die L\u00f6sungsarbeit, Dressur &#8211; auch wenn ich das Wort nicht sehr mag -, das Springen eines Parcours mit verschiedenen Linien, Kombinationen usw. beinhaltet.<\/p>\n\n\n\n<p>3. S\u00e4ule &#8211; das Mentale <\/p>\n\n\n\n<p>Ich brachte die Reiter dazu, \u00fcber diesen Aspekt nachzudenken, indem ich ihnen sagte: Wer in diesem Raum kennt nicht den kleinen oder gro\u00dfen Klo\u00df im Bauch, die feuchten H\u00e4nde, die trockene Zunge und denkt sich: Was mache ich hier eigentlich? Es ist kein Gesichtsverlust, wenn man das zugibt. Im Gegenteil: Wenn technisch und k\u00f6rperlich alles in Ordnung ist und man die mentale St\u00e4rke nicht aufbringen kann, weil man zu nerv\u00f6s war, lohnt es sich trotzdem, f\u00fcnf Minuten dar\u00fcber nachzudenken und den Fehler zu finden, um ihn zu beheben.\u201c<\/p>\n\n\n\n<p>Vieles von dem, was er dachte und machte, war vor 20 Jahren revolution\u00e4r und ist bis heute wegweisend. Er hat es in der Young Riders Academy weitergegeben an die n\u00e4chste Generation. \u201eWir wollen uns an den wunderbaren Menschen erinnern, der er war, und an den tiefgreifenden Einfluss, den er auf die YRA und den Pferdesport hatte. Jean Maurice wird f\u00fcr immer in unseren Herzen weiterleben\u201c, verabschiedete sich jetzt die Young Riders Academy.<\/p>\n\n\n\n<p>\u201eEr hat mit seinem Wissen und seiner Liebe zu den Pferden die Geschichte des Pferdesports gepr\u00e4gt. Er war ein Vorbild f\u00fcr viele, seine Energie und seine gute Laune haben viele von uns auf die Spitze getrieben. Er hat unser Leben durch seine Anwesenheit erhellt und hinterl\u00e4sst eine gro\u00dfe L\u00fccke.\u201c Es sind die Worte seiner Familie, den nichts hinzuzuf\u00fcgen ist.<\/p>\n","protected":false},"excerpt":{"rendered":"<p>Gerade war er an diesem Wochenende noch dabei beim Saut Herm\u00e8s in Paris, hat mit den vielen Freunden geplaudert und gescherzt, die er in der Reiterszene hat. Er hat sein Buch signiert, das den Titel tr\u00e4gt: &#8222;On y sera un jour, mon grand&#8220;, &#8222;Irgendwann sind wir da, mein Gro\u00dfer&#8220;.\u00a0Niemand merkte &hellip; <a class=\"kt-excerpt-readmore\" href=\"https:\/\/www.spring-reiter.de\/index.php\/2024\/03\/19\/die-internationale-reiterwelt-trauert-um-jean-maurice-bonneau\/\" aria-label=\"Die internationale Reiterwelt trauert um Jean Maurice Bonneau\">Weiterlesen<\/a><\/p>\n","protected":false},"author":3,"featured_media":70924,"comment_status":"closed","ping_status":"open","sticky":false,"template":"","format":"standard","meta":{"footnotes":""},"categories":[1],"tags":[],"class_list":["post-70923","post","type-post","status-publish","format-standard","has-post-thumbnail","hentry","category-allgemein"],"translation":{"provider":"WPGlobus","version":"3.0.2","language":"de","enabled_languages":["de","en"],"languages":{"de":{"title":true,"content":true,"excerpt":false},"en":{"title":false,"content":false,"excerpt":false}}},"_links":{"self":[{"href":"https:\/\/www.spring-reiter.de\/index.php\/wp-json\/wp\/v2\/posts\/70923","targetHints":{"allow":["GET"]}}],"collection":[{"href":"https:\/\/www.spring-reiter.de\/index.php\/wp-json\/wp\/v2\/posts"}],"about":[{"href":"https:\/\/www.spring-reiter.de\/index.php\/wp-json\/wp\/v2\/types\/post"}],"author":[{"embeddable":true,"href":"https:\/\/www.spring-reiter.de\/index.php\/wp-json\/wp\/v2\/users\/3"}],"replies":[{"embeddable":true,"href":"https:\/\/www.spring-reiter.de\/index.php\/wp-json\/wp\/v2\/comments?post=70923"}],"version-history":[{"count":0,"href":"https:\/\/www.spring-reiter.de\/index.php\/wp-json\/wp\/v2\/posts\/70923\/revisions"}],"wp:featuredmedia":[{"embeddable":true,"href":"https:\/\/www.spring-reiter.de\/index.php\/wp-json\/wp\/v2\/media\/70924"}],"wp:attachment":[{"href":"https:\/\/www.spring-reiter.de\/index.php\/wp-json\/wp\/v2\/media?parent=70923"}],"wp:term":[{"taxonomy":"category","embeddable":true,"href":"https:\/\/www.spring-reiter.de\/index.php\/wp-json\/wp\/v2\/categories?post=70923"},{"taxonomy":"post_tag","embeddable":true,"href":"https:\/\/www.spring-reiter.de\/index.php\/wp-json\/wp\/v2\/tags?post=70923"}],"curies":[{"name":"wp","href":"https:\/\/api.w.org\/{rel}","templated":true}]}}