{"id":70980,"date":"2024-03-21T11:22:32","date_gmt":"2024-03-21T10:22:32","guid":{"rendered":"https:\/\/www.spring-reiter.de\/?p=70980"},"modified":"2024-03-21T11:22:34","modified_gmt":"2024-03-21T10:22:34","slug":"global-champions-playoffs-rotieren-bis-2029-jaehrlich-zwischen-riad-und-prag","status":"publish","type":"post","link":"https:\/\/www.spring-reiter.de\/index.php\/2024\/03\/21\/global-champions-playoffs-rotieren-bis-2029-jaehrlich-zwischen-riad-und-prag\/","title":{"rendered":"Global Champions Playoffs rotieren bis 2029 j\u00e4hrlich zwischen Riad und Prag"},"content":{"rendered":"\n<p>Das Finale der Global Champions League, die Playoffs, werden ab 2024 j\u00e4hrlich abwechselnd in Riad und Prag stattfinden werden, wobei Riad in den geraden Jahren die Veranstaltung ausrichtet und Prag in den ungeraden Jahren. F\u00fcr Jan Tops, Gr\u00fcnder und Pr\u00e4sident der Longines Global Champions Tour und GCL. geht es nach eigenen Worten darum, den globalen Charakter zu unterstreichen und &#8222;auch neue M\u00f6glichkeiten zu er\u00f6ffnen, die Reichweite zu vergr\u00f6\u00dfern und ein vielf\u00e4ltiges Publikum auf der ganzen Welt anzusprechen.&#8220;<\/p>\n\n\n\n<p>&#8222;Die Ank\u00fcndigung, dass Prag im Jahr 2025 die GC Playoffs ausrichten wird, erf\u00fcllt uns mit gro\u00dfem Stolz und gro\u00dfer Freude&#8220;, sagte Jan Andrl\u00edk, Event Director der GC Prague Playoffs. &#8222;Es ist gro\u00dfartig, dass die O2-Arena im n\u00e4chsten Jahr wieder im Kalender steht und das einzigartige Event f\u00fcr die Zukunft gesichert ist.&#8220;<\/p>\n\n\n\n<p>In Riad ist die Vorfreude auf die GC Playoffs im November 2024 ebenso gro\u00df. &#8222;Riad f\u00fchlt sich geehrt, 2024 zum ersten Mal Gastgeber der GC Playoffs zu sein&#8220;, sagte Rayan Khuraishi, Veranstaltungsdirektor in Riad. &#8222;Wir sind bereit, Reiter, Fans und Zuschauer aus der ganzen Welt willkommen zu hei\u00dfen, um den Nervenkitzel des Einzel- und Mannschaftsspringens in seiner sch\u00f6nsten Form zu erleben.&#8220;<\/p>\n","protected":false},"excerpt":{"rendered":"<p>Das Finale der Global Champions League, die Playoffs, werden ab 2024 j\u00e4hrlich abwechselnd in Riad und Prag stattfinden werden, wobei Riad in den geraden Jahren die Veranstaltung ausrichtet und Prag in den ungeraden Jahren. F\u00fcr Jan Tops, Gr\u00fcnder und Pr\u00e4sident der Longines Global Champions Tour und GCL. geht es nach &hellip; <a class=\"kt-excerpt-readmore\" href=\"https:\/\/www.spring-reiter.de\/index.php\/2024\/03\/21\/global-champions-playoffs-rotieren-bis-2029-jaehrlich-zwischen-riad-und-prag\/\" aria-label=\"Global Champions Playoffs rotieren bis 2029 j\u00e4hrlich zwischen Riad und Prag\">Weiterlesen<\/a><\/p>\n","protected":false},"author":3,"featured_media":70981,"comment_status":"closed","ping_status":"open","sticky":false,"template":"","format":"standard","meta":{"footnotes":""},"categories":[1],"tags":[],"class_list":["post-70980","post","type-post","status-publish","format-standard","has-post-thumbnail","hentry","category-allgemein"],"translation":{"provider":"WPGlobus","version":"3.0.2","language":"de","enabled_languages":["de","en"],"languages":{"de":{"title":true,"content":true,"excerpt":false},"en":{"title":false,"content":false,"excerpt":false}}},"_links":{"self":[{"href":"https:\/\/www.spring-reiter.de\/index.php\/wp-json\/wp\/v2\/posts\/70980","targetHints":{"allow":["GET"]}}],"collection":[{"href":"https:\/\/www.spring-reiter.de\/index.php\/wp-json\/wp\/v2\/posts"}],"about":[{"href":"https:\/\/www.spring-reiter.de\/index.php\/wp-json\/wp\/v2\/types\/post"}],"author":[{"embeddable":true,"href":"https:\/\/www.spring-reiter.de\/index.php\/wp-json\/wp\/v2\/users\/3"}],"replies":[{"embeddable":true,"href":"https:\/\/www.spring-reiter.de\/index.php\/wp-json\/wp\/v2\/comments?post=70980"}],"version-history":[{"count":0,"href":"https:\/\/www.spring-reiter.de\/index.php\/wp-json\/wp\/v2\/posts\/70980\/revisions"}],"wp:featuredmedia":[{"embeddable":true,"href":"https:\/\/www.spring-reiter.de\/index.php\/wp-json\/wp\/v2\/media\/70981"}],"wp:attachment":[{"href":"https:\/\/www.spring-reiter.de\/index.php\/wp-json\/wp\/v2\/media?parent=70980"}],"wp:term":[{"taxonomy":"category","embeddable":true,"href":"https:\/\/www.spring-reiter.de\/index.php\/wp-json\/wp\/v2\/categories?post=70980"},{"taxonomy":"post_tag","embeddable":true,"href":"https:\/\/www.spring-reiter.de\/index.php\/wp-json\/wp\/v2\/tags?post=70980"}],"curies":[{"name":"wp","href":"https:\/\/api.w.org\/{rel}","templated":true}]}}