{"id":71284,"date":"2024-04-05T18:13:34","date_gmt":"2024-04-05T16:13:34","guid":{"rendered":"https:\/\/www.spring-reiter.de\/?p=71284"},"modified":"2024-04-05T18:23:40","modified_gmt":"2024-04-05T16:23:40","slug":"preis-der-besten-2024-nachwuchs-elite-trifft-sich-in-warendorf","status":"publish","type":"post","link":"https:\/\/www.spring-reiter.de\/index.php\/2024\/04\/05\/preis-der-besten-2024-nachwuchs-elite-trifft-sich-in-warendorf\/","title":{"rendered":"Preis der Besten 2024 &#8211; Nachwuchs-Elite trifft sich in Warendorf"},"content":{"rendered":"\n<h2 class=\"wp-block-heading\"><\/h2>\n\n\n\n<p>Vom 10. bis 12. Mai trifft sich die Elite der jungen Pferdesportler der Disziplinen Dressur, Springen und Vielseitigkeit am Bundesst\u00fctzpunkt Reiten in Warendorf zum &#8222;Preis der Besten&#8220;. Zum zehnten Mal dabei sind auch die Nachwuchs-Voltigierer, die im Bundesst\u00fctzpunkt um die Fahrkarten zu ihren Europameisterschaften in Bern k\u00e4mpfen.<\/p>\n\n\n\n<p>Allj\u00e4hrlich ist der Preis der Besten ein wichtiger Meilenstein f\u00fcr die deutschen Nachwuchstalente auf dem Weg zu ihrem jeweiligen Championat. Als bedeutendste nationale Veranstaltung neben den Deutschen Jugendmeisterschaften bietet der Preis der Besten den Teilnehmern eine erste gro\u00dfe M\u00f6glichkeit zum direkten Leistungsvergleich und den Bundestrainern der verschiedenen Disziplinen und Altersklassen einen ersten \u00dcberblick \u00fcber den aktuellen Leistungsstand ihrer \u201eBesten\u201c im Lande.<\/p>\n\n\n\n<p>In der Dressur treffen in diesem Jahr Jana Lang aus Schmidgaden mit Baron als Titelverteidigerin und die Besten der Junioren 2023, Allegra Schmitz-Morkramer (Hamburg) mit Libertad, die nun ebenfalls bei den Jungen Reitern startet, aufeinander. Neu vergeben wird aber nicht nur der Titel bei den Junioren, sondern auch bei den Ponyreitern und Children, da auch hier die Vorjahres-Besten Mia Allegra Lohe und Vivianne Mercker die Altersklasse gewechselt haben.<\/p>\n\n\n\n<p>Im Springen verspricht vor allem die Junioren-Klasse spannend zu werden. Hier k\u00f6nnte Vorjahressiegerin Naomi Himmelreich nicht nur Konkurrenz von der Besten der Ponyreiter des letzten Jahres, Leonie Pander, bekommen, sondern auch von Jolie Marie K\u00fchner. Die noch 14-j\u00e4hrige M\u00fcnchnerin gewann 2023 mit Dialo erst den Preis der Besten Children und sp\u00e4ter Mannschaftsgold und Einzel-Bronze bei den Europameisterschaften. In diesem Jahr sind Pander und K\u00fchner altersm\u00e4\u00dfig zu den Junioren gewechselt. Titelverteidiger bei den Jungen Reitern ist Mick Haunhorst mit Clarimo\u2019s Girl. Wie schon in den Vorjahren wird der Preis der Besten Springen gro\u00dfz\u00fcgig von der Horst-Gebers-Stiftung sowie der Dieter-Hofmann-Stiftung unterst\u00fctzt.<\/p>\n\n\n\n<p>Ganz neu gemischt werden die Karten in der Vielseitigkeit. Mit einem Sieg im \u201eBusch\u201c und einem vierten Platz in der Dressur hat sich Greta Busacker zum Jahresende aus dem Nachwuchsbereich verabschiedet. Im Mai wird sich zeigen, ob der Fehmaraner Mathies R\u00fcder in ihre Fu\u00dfstapfen treten kann. Der Vorjahressieger bei den Junioren ist seit diesem Jahr Junger Reiter. Auch die dritte Siegerin des vergangenen Jahres, Sina Br\u00fcgger, ist eine Altersklasse aufger\u00fcckt und wird daher nicht mehr bei den Ponypr\u00fcfungen dabei sein. Unterst\u00fctzt wird die Vielseitigkeit auch in diesem Jahr wieder von der Stiftung Deutscher Pferdesport, die Stilpreise f\u00fcr besonders gutes Gel\u00e4ndereiten vergibt.<\/p>\n\n\n\n<p>Im Voltigieren werden auch 2024 insgesamt sieben Titel vergeben. Den prestigetr\u00e4chtigen Sieg bei den Teams holten sich im letzten Jahr die Junioren aus Fredenbeck, die nicht zuletzt wegen ihres aktuellen Sieges im CVI Saumur in Warendorf eine Favoritenrolle einnehmen. Als Titelverteidiger im Einzelvoltigieren treten Arne Heers aus D\u00f6rverden und Laura Seem\u00fcller aus Bad W\u00f6rishofen an. Konkurrenz erh\u00e4lt Seem\u00fcller dabei von der Vorjahressiegerin im Preis der Zukunft, Lara Andrew aus Schriesheim, die in diesem Jahr bereits erfolgreich im Junioren-CVI gestartet ist. Auf jeden Fall einen F\u00fchrungswechsel geben wird es bei den U21-Voltigierern: Die Deutsche, Welt- und Europameisterin in dieser Altersklasse, Alice Layher, mischt ab diesem Jahr bei den \u201eSenioren\u201c mit und macht auch den Weg frei f\u00fcr eine neue \u201eBeste\u201c bei den Jungen Voltigierern. Nicht dabei ist auch das siegreiche Junioren-Pas de deux Lisa-Marie Wagner und Timea Bonekat, wobei Wagner im U21-Einzelvoltigieren am Start sein wird.<\/p>\n\n\n\n<p>Informationen unter:&nbsp;<a href=\"https:\/\/www.pferd-aktuell.de\/spitzensport\/jugendchampionate\/preis-der-besten\" target=\"_blank\" rel=\"noreferrer noopener\">www.preis-der-besten.de<\/a><\/p>\n","protected":false},"excerpt":{"rendered":"<p>Vom 10. bis 12. Mai trifft sich die Elite der jungen Pferdesportler der Disziplinen Dressur, Springen und Vielseitigkeit am Bundesst\u00fctzpunkt Reiten in Warendorf zum &#8222;Preis der Besten&#8220;. Zum zehnten Mal dabei sind auch die Nachwuchs-Voltigierer, die im Bundesst\u00fctzpunkt um die Fahrkarten zu ihren Europameisterschaften in Bern k\u00e4mpfen. Allj\u00e4hrlich ist der &hellip; <a class=\"kt-excerpt-readmore\" href=\"https:\/\/www.spring-reiter.de\/index.php\/2024\/04\/05\/preis-der-besten-2024-nachwuchs-elite-trifft-sich-in-warendorf\/\" aria-label=\"Preis der Besten 2024 &#8211; Nachwuchs-Elite trifft sich in Warendorf\">Weiterlesen<\/a><\/p>\n","protected":false},"author":2,"featured_media":63064,"comment_status":"closed","ping_status":"open","sticky":false,"template":"","format":"standard","meta":{"footnotes":""},"categories":[1],"tags":[],"class_list":["post-71284","post","type-post","status-publish","format-standard","has-post-thumbnail","hentry","category-allgemein"],"translation":{"provider":"WPGlobus","version":"3.0.2","language":"de","enabled_languages":["de","en"],"languages":{"de":{"title":true,"content":true,"excerpt":false},"en":{"title":false,"content":false,"excerpt":false}}},"_links":{"self":[{"href":"https:\/\/www.spring-reiter.de\/index.php\/wp-json\/wp\/v2\/posts\/71284","targetHints":{"allow":["GET"]}}],"collection":[{"href":"https:\/\/www.spring-reiter.de\/index.php\/wp-json\/wp\/v2\/posts"}],"about":[{"href":"https:\/\/www.spring-reiter.de\/index.php\/wp-json\/wp\/v2\/types\/post"}],"author":[{"embeddable":true,"href":"https:\/\/www.spring-reiter.de\/index.php\/wp-json\/wp\/v2\/users\/2"}],"replies":[{"embeddable":true,"href":"https:\/\/www.spring-reiter.de\/index.php\/wp-json\/wp\/v2\/comments?post=71284"}],"version-history":[{"count":0,"href":"https:\/\/www.spring-reiter.de\/index.php\/wp-json\/wp\/v2\/posts\/71284\/revisions"}],"wp:featuredmedia":[{"embeddable":true,"href":"https:\/\/www.spring-reiter.de\/index.php\/wp-json\/wp\/v2\/media\/63064"}],"wp:attachment":[{"href":"https:\/\/www.spring-reiter.de\/index.php\/wp-json\/wp\/v2\/media?parent=71284"}],"wp:term":[{"taxonomy":"category","embeddable":true,"href":"https:\/\/www.spring-reiter.de\/index.php\/wp-json\/wp\/v2\/categories?post=71284"},{"taxonomy":"post_tag","embeddable":true,"href":"https:\/\/www.spring-reiter.de\/index.php\/wp-json\/wp\/v2\/tags?post=71284"}],"curies":[{"name":"wp","href":"https:\/\/api.w.org\/{rel}","templated":true}]}}