{"id":71716,"date":"2024-04-23T14:08:49","date_gmt":"2024-04-23T12:08:49","guid":{"rendered":"https:\/\/www.spring-reiter.de\/?p=71716"},"modified":"2024-04-23T14:08:52","modified_gmt":"2024-04-23T12:08:52","slug":"hochkaraetiges-starterfeld-bei-pferd-international-muenchen","status":"publish","type":"post","link":"https:\/\/www.spring-reiter.de\/index.php\/2024\/04\/23\/hochkaraetiges-starterfeld-bei-pferd-international-muenchen\/","title":{"rendered":"Hochkar\u00e4tiges Starterfeld bei Pferd International M\u00fcnchen"},"content":{"rendered":"\n<p>Zwei Dinge sind bei Pferd International M\u00fcnchen vom 9. bis 12. Mai auf der Olympia-Reitanlage in M\u00fcnchen-Riem sicher: Es wird spannend und es wird rasant. Das ist Gesetz. Warum? Weil die Mischung des hippologisch-lifestyligen Gro\u00dfevents mit den vier Disziplinen Dressur, Springen, Voltigieren und Working Equitation einfach einzigartig ist. Das sch\u00e4tzen nicht nur die Zuschauer, sondern nat\u00fcrlich auch die Reiter, die diesen Termin fix in ihrem Kalender notiert haben.<\/p>\n\n\n\n<p><strong>Dressur in der Gut Wettlkam Dressurarena<\/strong><br>Neben dem Highlight, dem 5*-CDI, gibt es auch noch ein 3*-CDI, eine Finalqualifikation zum N\u00dcRNBERGER BURG-POKAL der Dressurreiter, die \u201eDERBY Stars von Morgen\u201c-Tour und drei Finalpr\u00fcfungen von FRB e.V. Amateur-Touren. Alle Dressurpr\u00fcfungen finden in der Gut Wettlkam-Dressurarena statt.<\/p>\n\n\n\n<p><strong>Springen auf dem Hufeisenplatz<\/strong><br>Auch bei den Springreitern ist so einiges los bei Pferd International M\u00fcnchen. Insgesamt gehen Athleten aus 14 Nationen an den Start, darunter der zweifache Olympionike <strong>Martin Fuchs<\/strong>. Der 32-j\u00e4hrige Schweizer ist derzeit die Nummer 4 der Welt, wurde unter anderem vierfacher Schweizer Meister, 2018 Vize-Weltmeister, 2019 Europameister und 2021 Mannschaftseuropameister sowie Silbermedaillengewinner in der Einzelwertung.<\/p>\n\n\n\n<p>F\u00fcr sie ist Pferd International M\u00fcnchen ein absolutes Heimspiel: <strong>Simone Blum<\/strong> ist nicht nur Aush\u00e4ngeschild der bayerischen Springsportszene, sondern auch die Tochter des Pferd International M\u00fcnchen-Veranstalters J\u00fcrgen Blum. 2016 schaffte die heute 35-J\u00e4hrige mit Wunderstute Alice ihre Initialz\u00fcndung, nachdem sie die Deutsche Meisterschaft der Springreiterinnen f\u00fcr sich entscheiden konnte. Nur ein Jahr sp\u00e4ter zeigte sie den Herren der Sch\u00f6pfung eine Harke und siegte in der Deutschen Meisterschaft der Offenen Klasse. 2018 wurde das Dreamteam Weltmeister in der Einzelwertung im amerikanischen Tryon sowie 2019 Mannschaftssilbermedaillengewinner der Europameisterschaften von Rotterdam. Bei Pferd International M\u00fcnchen bekommt sie im Parcours auch Konkurrenz aus der eigenen Familie: Ihr Mann <strong>Hans-G\u00fcnther<\/strong> \u201e<strong>Hansi\u201c Blum<\/strong> ist an den Turniertagen bei Pferd International M\u00fcnchen wahrlich \u201eHansdampf in allen Gassen\u201c. Denn der 48-J\u00e4hrige ist Turnierleiter Springen, Reiter, Trainer und tritt auch noch mit seiner Band auf.<\/p>\n\n\n\n<p>F\u00fcr <strong>Maximilian Weishaupt<\/strong> ist Pferd International M\u00fcnchen ebenfalls \u201eums Eck\u201c \u2013 und ein Pflichttermin. 2021 wurde der sympathische Springreiter Deutscher Vizemeister \u2013 und feierte damit den gr\u00f6\u00dften Erfolg seiner Karriere. 2023 wurde es Bronze bei den Deutschen Meisterschaften. Max, wie der kleine Bruder von Philipp Weishaupt genannt wird, traf 2013 ein harter Schicksalsschlag, als er auf einem Turnier verungl\u00fcckte und sein Pferd ihn unter sich begrub: Er musste sogar ins k\u00fcnstliche Koma versetzt werden. Er k\u00e4mpfte sich schnell zur\u00fcck in den Sattel. Ein weiteres Ungl\u00fcck ereignete sich 2020, als es auf der Anlage der Wei\u00dfhaupts brannte. Die Pferde konnten gerettet werden, der Gro\u00dfteil des Hofes nicht\u2026 Deshalb bedeuten die sportlichen Erfolge Maximilian Weishaupt unfassbar viel.<\/p>\n\n\n\n<p>Mit <strong>Niklas Engemann<\/strong> startet auch der 31-j\u00e4hrige Sohn von Heinrich-Hermann Engemann, selbst einst h\u00f6chst erfolgreicher Springreiter und von 2009 bis 2020 Disziplintrainer Springreiten, und Karin Ernsting, Springreiterin, in M\u00fcnchen.<\/p>\n\n\n\n<p>Hei\u00df her geht es definitiv bei der Working Equitation \u2013 und das nicht nur, da diese Disziplin aus s\u00fcdeurop\u00e4ischen Arbeitsreitweisen entstanden ist. Mit Mitja Hinzpeter geht einer an den Start, der getrost als einer der besten Reiter dieser Disziplin genannt werden darf. Er ist Mannschafts-Weltmeister und mehrfacher Deutscher Meister, dazu noch Z\u00fcchter von Goldenen Pintos und gelernter Hufschmied.<\/p>\n\n\n\n<p>Eva-Katharina Weigl z\u00e4hlt ebenfalls zu den Topstars in der Working Equitation-Szene. 2021 wurde sie in den Perspektivkader berufen, 2022 geh\u00f6rte sie bereits zum Team der Weltmeisterschaften, das den vierten Platz belegte. Ihre Teamkollegin der WM von 2022, Katja Lauer, ist ebenfalls bei Pferd International M\u00fcnchen mit von der Partie. Die geb\u00fcrtige N\u00fcrnbergerin war vor ihrer Karriere in der Working Equitation ebenfalls im Parcours bis Klasse S sieg- und erfolgreich sowie Ausbilderin von Dressurpferden und seit 2013 lizenzierte Reitlehrerin der \u201cSchule der L\u00e9g\u00e8ret\u00e9\u201d.<\/p>\n","protected":false},"excerpt":{"rendered":"<p>Zwei Dinge sind bei Pferd International M\u00fcnchen vom 9. bis 12. Mai auf der Olympia-Reitanlage in M\u00fcnchen-Riem sicher: Es wird spannend und es wird rasant. Das ist Gesetz. Warum? Weil die Mischung des hippologisch-lifestyligen Gro\u00dfevents mit den vier Disziplinen Dressur, Springen, Voltigieren und Working Equitation einfach einzigartig ist. Das sch\u00e4tzen &hellip; <a class=\"kt-excerpt-readmore\" href=\"https:\/\/www.spring-reiter.de\/index.php\/2024\/04\/23\/hochkaraetiges-starterfeld-bei-pferd-international-muenchen\/\" aria-label=\"Hochkar\u00e4tiges Starterfeld bei Pferd International M\u00fcnchen\">Weiterlesen<\/a><\/p>\n","protected":false},"author":3,"featured_media":71717,"comment_status":"closed","ping_status":"open","sticky":false,"template":"","format":"standard","meta":{"footnotes":""},"categories":[1],"tags":[],"class_list":["post-71716","post","type-post","status-publish","format-standard","has-post-thumbnail","hentry","category-allgemein"],"translation":{"provider":"WPGlobus","version":"3.0.2","language":"de","enabled_languages":["de","en"],"languages":{"de":{"title":true,"content":true,"excerpt":false},"en":{"title":false,"content":false,"excerpt":false}}},"_links":{"self":[{"href":"https:\/\/www.spring-reiter.de\/index.php\/wp-json\/wp\/v2\/posts\/71716","targetHints":{"allow":["GET"]}}],"collection":[{"href":"https:\/\/www.spring-reiter.de\/index.php\/wp-json\/wp\/v2\/posts"}],"about":[{"href":"https:\/\/www.spring-reiter.de\/index.php\/wp-json\/wp\/v2\/types\/post"}],"author":[{"embeddable":true,"href":"https:\/\/www.spring-reiter.de\/index.php\/wp-json\/wp\/v2\/users\/3"}],"replies":[{"embeddable":true,"href":"https:\/\/www.spring-reiter.de\/index.php\/wp-json\/wp\/v2\/comments?post=71716"}],"version-history":[{"count":0,"href":"https:\/\/www.spring-reiter.de\/index.php\/wp-json\/wp\/v2\/posts\/71716\/revisions"}],"wp:featuredmedia":[{"embeddable":true,"href":"https:\/\/www.spring-reiter.de\/index.php\/wp-json\/wp\/v2\/media\/71717"}],"wp:attachment":[{"href":"https:\/\/www.spring-reiter.de\/index.php\/wp-json\/wp\/v2\/media?parent=71716"}],"wp:term":[{"taxonomy":"category","embeddable":true,"href":"https:\/\/www.spring-reiter.de\/index.php\/wp-json\/wp\/v2\/categories?post=71716"},{"taxonomy":"post_tag","embeddable":true,"href":"https:\/\/www.spring-reiter.de\/index.php\/wp-json\/wp\/v2\/tags?post=71716"}],"curies":[{"name":"wp","href":"https:\/\/api.w.org\/{rel}","templated":true}]}}