{"id":71954,"date":"2024-05-03T14:53:00","date_gmt":"2024-05-03T12:53:00","guid":{"rendered":"https:\/\/www.spring-reiter.de\/?p=71954"},"modified":"2024-05-03T14:53:05","modified_gmt":"2024-05-03T12:53:05","slug":"vor-delegiertenversammlung-martin-richenhagen-nennt-fn-sanierungsfall-und-der-rausgeworfene-finanz-geschaeftsfuehrer-wehrt-sich","status":"publish","type":"post","link":"https:\/\/www.spring-reiter.de\/index.php\/2024\/05\/03\/vor-delegiertenversammlung-martin-richenhagen-nennt-fn-sanierungsfall-und-der-rausgeworfene-finanz-geschaeftsfuehrer-wehrt-sich\/","title":{"rendered":"Vor Delegiertenversammlung: Martin Richenhagen nennt FN &#8222;Sanierungsfall&#8220; und der rausgeworfene Finanz-Gesch\u00e4ftsf\u00fchrer wehrt sich!"},"content":{"rendered":"\n<p>Wenn Anfang der kommenden Woche die Delegiertenversammlung der Deutschen Reiterlichen Vereinigung in Dresden beginnt, kann es schnell hoch hergehen. Denn es geht um Geld und um Grunds\u00e4tzliches in dem schon lange von vielen Seiten kritisierten Verband. Die \u00fcberraschende fristlose K\u00fcndigung des f\u00fcr die Finanzen zust\u00e4ndigen Gesch\u00e4ftsf\u00fchrers Ren\u00e9 Straten vor wenigen Tagen hat den Druck im Kessel endg\u00fcltig anschwellen lassen.<\/p>\n\n\n\n<p>Martin Richenhagen, der als CEO des US-amerikanischen Landmaschinenkonzerns ADCO einst daf\u00fcr gesorgt hatte, dass dessen deutsches Tochterunternehmen Fendt jahrelang als Hauptsponsor die FN mit j\u00e4hrlich 500.000 Euro unterst\u00fctzte, hat jetzt in einem Kommentar f\u00fcr die \u201eReiter Revue\u201c, deren Herausgeber er inzwischen ist, seine Sicht auf den Verband auf den Punkt gebracht: \u201eDie Unzufriedenheit an der Basis ist riesengro\u00df und die FN ein Sanierungsfall.\u201c Er bewerte &#8222;den teuren Rausschmiss von Ren\u00e9 Straten als unfaires Bauernopfer. Und: Der improvisierte Ma\u00dfnahmenkatalog schafft h\u00f6chstens kurzfristig minimale Linderung. Vor strukturellen und strategischen Ma\u00dfnahmen zur nachhaltigen substanziellen Ergebnisverbesserung scheut sich die FN bekanntlich seit Jahren.&#8220;<\/p>\n\n\n\n<p>Ebenfalls in der \u201eReiter Revue\u201c hat der freigestellte Ren\u00e9 Starten seine Sicht dargestellt: Er habe in einem Gespr\u00e4ch bei FN-Generalsekret\u00e4r S\u00f6nke Lauterbach \u201eam 8. April meine K\u00fcndigung auf den Tisch gelegt\u201c und damit seine Konsequenzen aus einem f\u00fcr ihn inakzeptablen Zustand gezogen. Er habe f\u00fcr sich beansprucht, \u201eals Personal- und Finanzvorstand bei Entscheidungen, die erhebliche finanzielle Tragkraft haben, ein geh\u00f6riges Wort mitsprechen zu k\u00f6nnen. Im Vorstand haben wir immer zu viert abgestimmt, in den vergangenen Monaten war es h\u00e4ufig so, dass die Entscheidungen 3:1 ausgefallen sind. Manche Entscheidungen konnte ich aufgrund der finanziellen Situation nicht mittragen.\u201c<\/p>\n\n\n\n<p>Er habe beispielsweise wegen der Finanzlage bereits 2022 vorgetragen, den Championatsball zu streichen. \u201eEs ist eine Veranstaltung f\u00fcr den Spitzensport. Doch die Spitzensportler aus Dressur und Springen sind nicht vor Ort. Es war eine sch\u00f6ne Veranstaltung mit einer guten Idee, aber bei leeren Kassen muss man sich auch davon trennen. Das wollte man lange nicht, nun geht es pl\u00f6tzlich doch.\u201c Denn zum jetzt verk\u00fcndeten Sparplan angesichts von knapp 1 Million Euro Defizit geh\u00f6rt auch die Streichung des Championatsballs, der eine sechsstellige Summe verschlingen w\u00fcrde.<\/p>\n\n\n\n<p>Trotz allem wollte Ren\u00e9 Straten nach seiner K\u00fcndigung bis zum Ende seiner Vertragslaufzeit am Jahresende seinen Job f\u00fcr die FN machen, \u201emeinen Nachfolger einarbeiten\u201c, \u201edie neue Buchhaltungssoftware einf\u00fchren, auf solide Beine stellen und an meinen Nachfolger \u00fcbergeben. Er sollte es leichter haben.\u201c Denn zum Beispiel sei \u201emit dem aktuellen Buchhaltungssystem kein vern\u00fcnftiges Controlling m\u00f6glich\u201c.<\/p>\n\n\n\n<p>Aber es kam anders: Gut zwei Wochen sp\u00e4ter habe er die fristlose K\u00fcndigung durch die FN in seinem Briefkasten vorgefunden. In der Zwischenzeit habe es kein Gespr\u00e4ch gegeben. \u201eVielleicht war es naiv von mir, am 8. April zum Ende des Jahres zu k\u00fcndigen, und dann zu glauben, es passiert nichts. Machen wir uns nichts vor: F\u00fcr die Verbandstagung in Dresden kommende Woche hat man mit mir nun jemanden, der das Schiff verlassen will und den man als Schuldigen pr\u00e4sentieren kann.\u201c<\/p>\n\n\n\n<p>Man wird sehen, ob die Delegierten das auch so einordnen werden.<\/p>\n","protected":false},"excerpt":{"rendered":"<p>Wenn Anfang der kommenden Woche die Delegiertenversammlung der Deutschen Reiterlichen Vereinigung in Dresden beginnt, kann es schnell hoch hergehen. Denn es geht um Geld und um Grunds\u00e4tzliches in dem schon lange von vielen Seiten kritisierten Verband. Die \u00fcberraschende fristlose K\u00fcndigung des f\u00fcr die Finanzen zust\u00e4ndigen Gesch\u00e4ftsf\u00fchrers Ren\u00e9 Straten vor wenigen &hellip; <a class=\"kt-excerpt-readmore\" href=\"https:\/\/www.spring-reiter.de\/index.php\/2024\/05\/03\/vor-delegiertenversammlung-martin-richenhagen-nennt-fn-sanierungsfall-und-der-rausgeworfene-finanz-geschaeftsfuehrer-wehrt-sich\/\" aria-label=\"Vor Delegiertenversammlung: Martin Richenhagen nennt FN &#8222;Sanierungsfall&#8220; und der rausgeworfene Finanz-Gesch\u00e4ftsf\u00fchrer wehrt sich!\">Weiterlesen<\/a><\/p>\n","protected":false},"author":3,"featured_media":71956,"comment_status":"closed","ping_status":"open","sticky":false,"template":"","format":"standard","meta":{"footnotes":""},"categories":[1],"tags":[],"class_list":["post-71954","post","type-post","status-publish","format-standard","has-post-thumbnail","hentry","category-allgemein"],"translation":{"provider":"WPGlobus","version":"3.0.2","language":"de","enabled_languages":["de","en"],"languages":{"de":{"title":true,"content":true,"excerpt":false},"en":{"title":false,"content":false,"excerpt":false}}},"_links":{"self":[{"href":"https:\/\/www.spring-reiter.de\/index.php\/wp-json\/wp\/v2\/posts\/71954","targetHints":{"allow":["GET"]}}],"collection":[{"href":"https:\/\/www.spring-reiter.de\/index.php\/wp-json\/wp\/v2\/posts"}],"about":[{"href":"https:\/\/www.spring-reiter.de\/index.php\/wp-json\/wp\/v2\/types\/post"}],"author":[{"embeddable":true,"href":"https:\/\/www.spring-reiter.de\/index.php\/wp-json\/wp\/v2\/users\/3"}],"replies":[{"embeddable":true,"href":"https:\/\/www.spring-reiter.de\/index.php\/wp-json\/wp\/v2\/comments?post=71954"}],"version-history":[{"count":0,"href":"https:\/\/www.spring-reiter.de\/index.php\/wp-json\/wp\/v2\/posts\/71954\/revisions"}],"wp:featuredmedia":[{"embeddable":true,"href":"https:\/\/www.spring-reiter.de\/index.php\/wp-json\/wp\/v2\/media\/71956"}],"wp:attachment":[{"href":"https:\/\/www.spring-reiter.de\/index.php\/wp-json\/wp\/v2\/media?parent=71954"}],"wp:term":[{"taxonomy":"category","embeddable":true,"href":"https:\/\/www.spring-reiter.de\/index.php\/wp-json\/wp\/v2\/categories?post=71954"},{"taxonomy":"post_tag","embeddable":true,"href":"https:\/\/www.spring-reiter.de\/index.php\/wp-json\/wp\/v2\/tags?post=71954"}],"curies":[{"name":"wp","href":"https:\/\/api.w.org\/{rel}","templated":true}]}}