{"id":72435,"date":"2024-05-17T21:48:43","date_gmt":"2024-05-17T19:48:43","guid":{"rendered":"https:\/\/www.spring-reiter.de\/?p=72435"},"modified":"2024-05-17T21:49:29","modified_gmt":"2024-05-17T19:49:29","slug":"future-champions-hagen-die-nominierten-paare-im-springen-2","status":"publish","type":"post","link":"https:\/\/www.spring-reiter.de\/index.php\/2024\/05\/17\/future-champions-hagen-die-nominierten-paare-im-springen-2\/","title":{"rendered":"Future Champions Hagen: Die nominierten Paare im Springen"},"content":{"rendered":"\n<p>Im Anschluss an den \u201ePreis der Besten\u201c wurden die Startgenehmigungen im Springen f\u00fcr die \u201eFuture Champions\u201c erteilt. Diese finden in Hagen auf dem Hof Kasselmann vom 11. bis 16. Juni 2024 statt. Es ist das einzige Nationenpreis-Turnier in Deutschland f\u00fcr den Nachwuchs, also die Altersklassen Children, Ponys, Junioren und Junge Reiter. Die besten Talente treten dort an, um Erfahrungen auf internationalem Terrain zu sammeln und sich erfolgreich zu pr\u00e4sentieren. Welche Paare in den jeweiligen Nationenpreisen starten, entscheiden die Bundestrainer Peter Teeuwen und Eberhard Seemann vor Ort.<br><br>Die Future Champions sind nicht nur ein wichtiger Treffpunkt f\u00fcr die internationalen Stars von morgen, sondern auch offizielle Sichtung f\u00fcr die Nachwuchs-Europameisterschaften in den Disziplinen Dressur und Springen. Wer bei der EM starten m\u00f6chte, sollte in Hagen gute Leistungen zeigen.<br><br>Diese Talente d\u00fcrfen bei den Future Champions starten:<\/p>\n\n\n\n<p><br><strong>Children (U14):<\/strong><\/p>\n\n\n\n<ul class=\"wp-block-list\">\n<li>Grace Isabelle K\u00fchner (Starnberg\/BAY)<\/li>\n\n\n\n<li>Mia Cara Brugger (Ellwangen\/BAW)<\/li>\n\n\n\n<li>Marie Neukirch (Bayreuth\/BAY)<\/li>\n\n\n\n<li>Lynn Renner (Gr\u00e4felfing\/BAY)<\/li>\n\n\n\n<li>Brianne Beerbaum (Thedinghausen\/HAN)<\/li>\n\n\n\n<li>Mette Demmler (Zeven\/HAN)<\/li>\n\n\n\n<li>Emma Hertz-Eichenrode (Wedemark\/HAN)<\/li>\n\n\n\n<li>Maximilian K\u00f6gler (Bad Nauheim\/HAN)<\/li>\n\n\n\n<li>Charlotte Luise Boeken (Viersen\/RHL)<\/li>\n\n\n\n<li>Johanna Hell (Kempen\/RHL)<\/li>\n\n\n\n<li>Johanna Nix (Dormagen\/RHL)<\/li>\n\n\n\n<li>Noemi Sunshine Thurn (Schermbeck\/RHL)<\/li>\n\n\n\n<li>Janne Friederike Zahn (Uedem\/RHL)<\/li>\n\n\n\n<li>Leni Hansen (S\u00fcderheistedt\/SHO)<\/li>\n\n\n\n<li>Karla K\u00f6hlbrandt (Fehmarn\/SHO)<\/li>\n\n\n\n<li>Lutz Gripsh\u00f6ver (Werne\/WEF)<\/li>\n\n\n\n<li>Luna Hagedorn (G\u00fctersloh\/WEF)<\/li>\n\n\n\n<li>Hannes Huthwelker (Datteln\/WEF)<\/li>\n\n\n\n<li>Mia Meinert (Bad Salzuflen\/WEF)<\/li>\n\n\n\n<li>Fynn Hobitz (Emsb\u00fcren\/WES)<\/li>\n\n\n\n<li>R1 Jeremy Hein (Hagen\/WEF)<\/li>\n\n\n\n<li>R2 Philippa Walischewski (Inning\/BAY)<\/li>\n\n\n\n<li>R3 Mathilde Beerbaum (H\u00f6rstel\/WEF)<\/li>\n\n\n\n<li>R4 Charlotte Margaretha Rixen (Wattenbek\/SHO)<\/li>\n<\/ul>\n\n\n\n<p><strong>Ponys (U16):<\/strong><\/p>\n\n\n\n<ul class=\"wp-block-list\">\n<li>Allegra Elisabeth H\u00fcttig (Hohenstein\/BAW)<\/li>\n\n\n\n<li>Lena-Marie Kraus (M\u00fcnchen\/BAY)<\/li>\n\n\n\n<li>Rafael Reichart-Eisenhardt (Berg\/BAY)<\/li>\n\n\n\n<li>Ava Ferch (Stegen\/BAY)<\/li>\n\n\n\n<li>Brianne Beerbaum (Thedinghausen\/HAN)<\/li>\n\n\n\n<li>Paulina Doll (Wietze\/HAN)<\/li>\n\n\n\n<li>Maximilian K\u00f6gler (Bad Nauheim\/HES)<\/li>\n\n\n\n<li>Hannah Blandfort (Linnich\/RHL)<\/li>\n\n\n\n<li>Antonia H\u00e4sler (Chemnitz\/SAC)<\/li>\n\n\n\n<li>Skady Tr\u00fcmper (Blankenheim\/SAN)<\/li>\n\n\n\n<li>Niklas Reichert (Pl\u00f6tzkau\/SAN)<\/li>\n\n\n\n<li>Anais Brandt (Rottmersleben\/SAN)<\/li>\n\n\n\n<li>Finja Mayleen Neubauer (Schlo\u00df Holte-Stukenbrock\/WEF)<\/li>\n\n\n\n<li>Malte Merschformann (Laer\/WEF)<\/li>\n\n\n\n<li>Carlotta Merschformann (Rosendahl\/WEF)<\/li>\n<\/ul>\n\n\n\n<p><strong>Junioren (U18):<\/strong><br><\/p>\n\n\n\n<ul class=\"wp-block-list\">\n<li>Nick Armbruster (Appenweier\/BAW)<\/li>\n\n\n\n<li>Emma Bachl (Postmuenster\/BAY)<\/li>\n\n\n\n<li>Emile Baurand (M\u00fcnchen\/BAY)<\/li>\n\n\n\n<li>Ava Ferch (Stegen\/BAY)<\/li>\n\n\n\n<li>Jolie Marie K\u00fchner (Hadorf\/BAY)<\/li>\n\n\n\n<li>Leo Renner (Gr\u00e4felfing\/BAY)<\/li>\n\n\n\n<li>Victoria Schumacher (Coburg\/BAY)<\/li>\n\n\n\n<li>Paula Fischer (Isernhagen\/BBG)<\/li>\n\n\n\n<li>Maja Sophie Sorge (Egestorf\/HAN)<\/li>\n\n\n\n<li>Eva Kunkel (Langenselbold\/HES)<\/li>\n\n\n\n<li>Jona Jolie Schwamborn (Wipperf\u00fcrth\/RHL)<\/li>\n\n\n\n<li>Tony Stormanns (Eschweiler\/RHL)<\/li>\n\n\n\n<li>Lennard Tillmann (Grevenbroich\/RHL)<\/li>\n\n\n\n<li>Naomi Himmelreich (Niederbrechen\/RPF)<\/li>\n\n\n\n<li>Fabio Thielen (Losheim\/SAL)<\/li>\n\n\n\n<li>Vieca Sofie Bade (Braderup\/SHO)<\/li>\n\n\n\n<li>Fynn Jesse Hess (L\u00fcbeck\/SHO)<\/li>\n\n\n\n<li>Charlotte Westphal (Nehmten\/SHO)<\/li>\n\n\n\n<li>Hanna Br\u00e4uer (Steinfurt\/WEF)<\/li>\n\n\n\n<li>Max Merschformann (Laer\/WEF)<\/li>\n\n\n\n<li>R1 Antonia H\u00e4sler (Chemnitz\/SAC)<\/li>\n\n\n\n<li>R2 Hendrik Greve (Rodenwalde\/MEV)<\/li>\n\n\n\n<li>R3 June Karlinder (S\u00f6rup\/SHO)<\/li>\n\n\n\n<li>R4 Vivienne Wodarczyk (Neunkirchen\/SAL)<\/li>\n<\/ul>\n\n\n\n<p>&nbsp;<br><br><strong>Junge Reiter (U21):<\/strong><br><\/p>\n\n\n\n<ul class=\"wp-block-list\">\n<li>Alia Knack (Sauldorf\/BAW)<\/li>\n\n\n\n<li>Marie Flick (Hagen\/BAY)<\/li>\n\n\n\n<li>Jacob Feyler (Mitwitz\/BAY)<\/li>\n\n\n\n<li>Theresa Kr\u00f6ninger (M\u00fcnchen\/BAY)<\/li>\n\n\n\n<li>Lasse N\u00f6lting (Neustadt\/HAN)<\/li>\n\n\n\n<li>Felizitas Judith (Lahntal\/HES)<\/li>\n\n\n\n<li>Elena Eppler (Oberursel (Taunus)\/HES)<\/li>\n\n\n\n<li>Julius Bleser (Krefeld\/RHL)<\/li>\n\n\n\n<li>Lilith Kreuzer (Stolberg\/RHL)<\/li>\n\n\n\n<li>Magnus Schmidt (Naumburg\/SAN)<\/li>\n\n\n\n<li>Johanna Beckmann (L\u00f6ningen\/SHO)<\/li>\n\n\n\n<li>Tjade Carstensen (Sollwitt\/SHO)<\/li>\n\n\n\n<li>Thore Stieper (Hohenaspe\/SHO)<\/li>\n\n\n\n<li>Mathies R\u00fcder (Fehmarn\/SHO)<\/li>\n\n\n\n<li>S\u00f6ren Suppert (Breckerfeld\/WEF)<\/li>\n\n\n\n<li>Mick Haunhorst (Hagen\/WES)<\/li>\n\n\n\n<li>Eske Sophie Schierhold (Wardenburg\/WES)<\/li>\n\n\n\n<li>Henry Munsberg (Osnabr\u00fcck\/WES)<\/li>\n\n\n\n<li>Felix Raude (Bad Iburg\/WES)<\/li>\n\n\n\n<li>Moritz Baum (Hude\/WES)<\/li>\n\n\n\n<li>R1 Elena-Malin Reitzner (Walldorf\/BAW)<\/li>\n\n\n\n<li>R2 Anastasia Gaitanides (Hamburg\/SAC)<\/li>\n\n\n\n<li>R3 Julien Golle (K\u00f6nigs Wusterhausen\/BBG)<\/li>\n\n\n\n<li>R4 Lisa Maria Funke (Goldenstedt\/WES)<\/li>\n\n\n\n<li>R5 Philipp Kautz (Schwaf\u00f6rden\/HAN)<\/li>\n\n\n\n<li>R6 Hannah Michelle Wilken (Warendorf\/WEF)<\/li>\n<\/ul>\n","protected":false},"excerpt":{"rendered":"<p>Im Anschluss an den \u201ePreis der Besten\u201c wurden die Startgenehmigungen im Springen f\u00fcr die \u201eFuture Champions\u201c erteilt. Diese finden in Hagen auf dem Hof Kasselmann vom 11. bis 16. Juni 2024 statt. Es ist das einzige Nationenpreis-Turnier in Deutschland f\u00fcr den Nachwuchs, also die Altersklassen Children, Ponys, Junioren und Junge &hellip; <a class=\"kt-excerpt-readmore\" href=\"https:\/\/www.spring-reiter.de\/index.php\/2024\/05\/17\/future-champions-hagen-die-nominierten-paare-im-springen-2\/\" aria-label=\"Future Champions Hagen: Die nominierten Paare im Springen\">Weiterlesen<\/a><\/p>\n","protected":false},"author":2,"featured_media":72441,"comment_status":"closed","ping_status":"open","sticky":false,"template":"","format":"standard","meta":{"footnotes":""},"categories":[1],"tags":[],"class_list":["post-72435","post","type-post","status-publish","format-standard","has-post-thumbnail","hentry","category-allgemein"],"translation":{"provider":"WPGlobus","version":"3.0.2","language":"de","enabled_languages":["de","en"],"languages":{"de":{"title":true,"content":true,"excerpt":false},"en":{"title":false,"content":false,"excerpt":false}}},"_links":{"self":[{"href":"https:\/\/www.spring-reiter.de\/index.php\/wp-json\/wp\/v2\/posts\/72435","targetHints":{"allow":["GET"]}}],"collection":[{"href":"https:\/\/www.spring-reiter.de\/index.php\/wp-json\/wp\/v2\/posts"}],"about":[{"href":"https:\/\/www.spring-reiter.de\/index.php\/wp-json\/wp\/v2\/types\/post"}],"author":[{"embeddable":true,"href":"https:\/\/www.spring-reiter.de\/index.php\/wp-json\/wp\/v2\/users\/2"}],"replies":[{"embeddable":true,"href":"https:\/\/www.spring-reiter.de\/index.php\/wp-json\/wp\/v2\/comments?post=72435"}],"version-history":[{"count":0,"href":"https:\/\/www.spring-reiter.de\/index.php\/wp-json\/wp\/v2\/posts\/72435\/revisions"}],"wp:featuredmedia":[{"embeddable":true,"href":"https:\/\/www.spring-reiter.de\/index.php\/wp-json\/wp\/v2\/media\/72441"}],"wp:attachment":[{"href":"https:\/\/www.spring-reiter.de\/index.php\/wp-json\/wp\/v2\/media?parent=72435"}],"wp:term":[{"taxonomy":"category","embeddable":true,"href":"https:\/\/www.spring-reiter.de\/index.php\/wp-json\/wp\/v2\/categories?post=72435"},{"taxonomy":"post_tag","embeddable":true,"href":"https:\/\/www.spring-reiter.de\/index.php\/wp-json\/wp\/v2\/tags?post=72435"}],"curies":[{"name":"wp","href":"https:\/\/api.w.org\/{rel}","templated":true}]}}