{"id":72646,"date":"2024-05-26T13:45:15","date_gmt":"2024-05-26T11:45:15","guid":{"rendered":"https:\/\/www.spring-reiter.de\/?p=72646"},"modified":"2025-01-11T11:50:28","modified_gmt":"2025-01-11T10:50:28","slug":"mein-pferd-macht-es-mir-einfach-lasse-noelting-gewinnt-u25-finalqualifikation-in-hohen-wieschendorf","status":"publish","type":"post","link":"https:\/\/www.spring-reiter.de\/index.php\/2024\/05\/26\/mein-pferd-macht-es-mir-einfach-lasse-noelting-gewinnt-u25-finalqualifikation-in-hohen-wieschendorf\/","title":{"rendered":"&#8222;Mein Pferd macht es mir einfach.&#8220;: Lasse N\u00f6lting gewinnt U25 Finalqualifikation in Hohen Wieschendorf"},"content":{"rendered":"\n<p>Ein Stechen um den Sieg in der U25-Finalqualifikation war in Hohen Wieschendorf fest im Zeitplan verankert. Aber bei den ersten neun der insgesamt 18 Starter in diesem S*** \u00fcber 1,50m fiel immer mal irgendwo eine Stange \u2013 bis dann die Zehnte, Emelie Pieper auf Calstakko (v. Calcio), endlich die erste fehlerfreie Runde pr\u00e4sentierte.<\/p>\n\n\n\n<p>Doch f\u00fcr ein Stechen brauchte es ja mindestens noch einen weiteren Nuller, sonst h\u00e4tte es in Hohen Wieschendorf so geendet wie vor wenigen Wochen in Hagen bei den Kasselmanns: Da wartete Mia-Charlotte Becker mit ihrer wei\u00dfen Weste vergeblich auf einen Stech-Partner. Aber in Hohen Wieschendorf l\u00f6ste der letzte Starter endlich die Spannung: Mit Javall Ryal K. (v. Zavall VDL) kam auch Lasse N\u00f6lting fehlerfrei ins Ziel des Umlaufs.<\/p>\n\n\n\n<p>Im Stechen setzte Startreiterin Emelie Pieper nicht alles auf eine Karte, sondern wollte mit einer zweiten Null ihren Konkurrenten so unter Druck setzen, dass er bei der Tempojagd einen Fehler macht. Machte er nicht. Nach 43,21 Sekunden kam er aus dem verk\u00fcrzten Parcours mit seiner zweiten Null heraus, sieben Sekunden schneller als seine Konkurrentin. Das war der Sieg und f\u00fcr Beide die Qualifikation f\u00fcrs Finale des U25 Springpokals beim CHIO Aachen, der von der Stiftung Deutscher Pferdesport und Holger Hetzel gesponsert wird.<\/p>\n\n\n\n<p>&#8222;Ich freue mich sehr auf Aachen. Das w\u00e4re auch genau eine Woche vor der Europameisterschaft und w\u00e4re die perfekte Vorbereitung und perfekte Generalprobe f\u00fcr die Euro. Deshalb bin ich umso gl\u00fccklicher, dass das heute mit dem Sieg geklappt hat&#8220;, strahlte hinterher der Sieger gegen\u00fcber spring-reiter.de. Lampenfieber hat er grunds\u00e4tzlich nicht: &#8222;Ich bin sehr nervenstark, kann mich gut konzentrieren. Mein Pferd macht es mir auch einfach, schnell zu reiten. Er hat einen gro\u00dfen Galopp.&#8220; Bei seinem Pferd Javall Ryal K. bekankt er sich heute mit extra vielen M\u00f6hren und \u00c4pfeln. &#8222;Und er bekommt ganz viele Umarmungen und morgen einen freien Tag auf der Koppel.&#8220;<\/p>\n\n\n\n<p>F\u00fcr den 19-j\u00e4hrigen Lasse N\u00f6lting war der Sieg heute auch eine Empfehlung f\u00fcr die Europameisterschaft. &#8222;Das habe ich nat\u00fcrlich im Kopf. Der Preis der Besten lief auch schon sehr gut. Und bei solchen schweren Springen wie heute kann man sich nat\u00fcrlich gut messen.&#8220;<\/p>\n\n\n\n<p>N\u00e4chste Woche geht er zum Nationenpreis in Zuidwolde mit einem anderen Pferd.<\/p>\n\n\n\n<p>Bundestrainer Peter Teeuwen zog folgendes Fazit: \u201eWir hatten hier in Hohen Wieschendorf eine Station mit Top Rahmenbedingungen und einem qualitativ hochwertigen Starterfeld. Die Nachfrage bei diesem sehr sch\u00f6nen Turnier war hoch. Sportlich gesehen war es ein anspruchsvoller Parcours mit vielen technischen Herausforderungen. Am Ende hatten wir trotzdem zwei Null-Fehler-Ritte. Lasse N\u00f6lting befindet sich auf dem Sichtungsweg in Richtung Europameisterschaften und bereits beim Preis der Besten gewinnen. Auch hier stellte er mit super Runden seine gute Form unter Beweis und gewann souver\u00e4n beide Wertungspr\u00fcfungen.\u201c<\/p>\n\n\n\n<p>Die letzten f\u00fcnf Pl\u00e4tze f\u00fcr das Finale beim CHIO Aachen werden bei den Deutschen Meisterschaften Springen, Dressur und Para-Dressur beim Longines Balve Optimun vom 6. bis 9. Juni vergeben.<\/p>\n\n\n\n<p>Das komplette Ergebnis <a href=\"https:\/\/results.equi-score.de\/event\/2024\/26604\/de\/resultlist\/22\">hier<\/a><\/p>\n","protected":false},"excerpt":{"rendered":"<p>Ein Stechen um den Sieg in der U25-Finalqualifikation war in Hohen Wieschendorf fest im Zeitplan verankert. Aber bei den ersten neun der insgesamt 18 Starter in diesem S*** \u00fcber 1,50m fiel immer mal irgendwo eine Stange \u2013 bis dann die Zehnte, Emelie Pieper auf Calstakko (v. Calcio), endlich die erste &hellip; <a class=\"kt-excerpt-readmore\" href=\"https:\/\/www.spring-reiter.de\/index.php\/2024\/05\/26\/mein-pferd-macht-es-mir-einfach-lasse-noelting-gewinnt-u25-finalqualifikation-in-hohen-wieschendorf\/\" aria-label=\"&#8222;Mein Pferd macht es mir einfach.&#8220;: Lasse N\u00f6lting gewinnt U25 Finalqualifikation in Hohen Wieschendorf\">Weiterlesen<\/a><\/p>\n","protected":false},"author":2,"featured_media":72653,"comment_status":"closed","ping_status":"open","sticky":false,"template":"","format":"standard","meta":{"footnotes":""},"categories":[1,66],"tags":[],"class_list":["post-72646","post","type-post","status-publish","format-standard","has-post-thumbnail","hentry","category-allgemein","category-interviews"],"translation":{"provider":"WPGlobus","version":"3.0.2","language":"de","enabled_languages":["de","en"],"languages":{"de":{"title":true,"content":true,"excerpt":false},"en":{"title":false,"content":false,"excerpt":false}}},"_links":{"self":[{"href":"https:\/\/www.spring-reiter.de\/index.php\/wp-json\/wp\/v2\/posts\/72646","targetHints":{"allow":["GET"]}}],"collection":[{"href":"https:\/\/www.spring-reiter.de\/index.php\/wp-json\/wp\/v2\/posts"}],"about":[{"href":"https:\/\/www.spring-reiter.de\/index.php\/wp-json\/wp\/v2\/types\/post"}],"author":[{"embeddable":true,"href":"https:\/\/www.spring-reiter.de\/index.php\/wp-json\/wp\/v2\/users\/2"}],"replies":[{"embeddable":true,"href":"https:\/\/www.spring-reiter.de\/index.php\/wp-json\/wp\/v2\/comments?post=72646"}],"version-history":[{"count":0,"href":"https:\/\/www.spring-reiter.de\/index.php\/wp-json\/wp\/v2\/posts\/72646\/revisions"}],"wp:featuredmedia":[{"embeddable":true,"href":"https:\/\/www.spring-reiter.de\/index.php\/wp-json\/wp\/v2\/media\/72653"}],"wp:attachment":[{"href":"https:\/\/www.spring-reiter.de\/index.php\/wp-json\/wp\/v2\/media?parent=72646"}],"wp:term":[{"taxonomy":"category","embeddable":true,"href":"https:\/\/www.spring-reiter.de\/index.php\/wp-json\/wp\/v2\/categories?post=72646"},{"taxonomy":"post_tag","embeddable":true,"href":"https:\/\/www.spring-reiter.de\/index.php\/wp-json\/wp\/v2\/tags?post=72646"}],"curies":[{"name":"wp","href":"https:\/\/api.w.org\/{rel}","templated":true}]}}