{"id":74091,"date":"2024-07-20T21:00:47","date_gmt":"2024-07-20T19:00:47","guid":{"rendered":"https:\/\/www.spring-reiter.de\/?p=74091"},"modified":"2024-07-20T21:00:54","modified_gmt":"2024-07-20T19:00:54","slug":"ich-habe-gar-nicht-damit-gerechnet-paul-macht-clara-blau-zur-neuen-deutschen-u25-meisterin","status":"publish","type":"post","link":"https:\/\/www.spring-reiter.de\/index.php\/2024\/07\/20\/ich-habe-gar-nicht-damit-gerechnet-paul-macht-clara-blau-zur-neuen-deutschen-u25-meisterin\/","title":{"rendered":"&#8222;Ich habe gar nicht damit gerechnet!&#8220; Paul macht Clara Blau zur neuen Deutschen U25 Meisterin"},"content":{"rendered":"\n<p>Sie konnte es selber am allerwenigsten glauben: Clara Blau war gerade ein Meisterst\u00fcck gelungen. \u00dcber vier Runden blieben die 23-J\u00e4hrige und ihr 13-j\u00e4hriger Sportpartner Paul (v. Sunrise) im Kampf um Gold bei der zweiten Deutschen U25 Meisterschaft in Riesenbeck ohne Fehler. Ohne Abwurf, aber mit 2,5 Punkten aus dem Zeitspringen am Anfang des Championats lagen sie nach Runde drei knapp hinter Hannes Ahlmann und Tokyo (v. Toulon), die bis zur vierten und entscheidenden Runde souver\u00e4n in F\u00fchrung lagen. Doch dort fiel bei Schlussreiter Hannes Ahlmann doch die eine Stange und der Sieg ging an Clara Blau und Hannes Ahlmann holte Silber vor der Titelverteidigerin Mylen Kruse mit Lovelight (v. Lord Z) auf Platz drei.<\/p>\n\n\n\n<p>&#8222;Ich habe \u00fcberhaupt nicht damit gerechnet. Normalerweise sind Championate nicht so meine Sache. Weil ich so nerv\u00f6s werde. Ich habe Paul einfach machen lassen, er hat gek\u00e4mpft und gesagt, wir machen das&#8220;, freute sich die gl\u00fcckliche Siegerin gegen\u00fcber spring-reiter.de. <\/p>\n\n\n\n<p>Clara Blau und Paul &#8211; die beiden sind ein Dreamteam und kennen sich in- und auswendig. Paul, der in Ungarn aufgewachsen ist, kam im Alter von f\u00fcnf Jahren zu Clara. Mit ihm hat sie sich einen Wunsch erf\u00fcllt. Er war damals noch total gr\u00fcn, kannte nichts, hat Clara Blau, die in Osnabr\u00fcck Landwirtschaft studiert hat und nun eine kaufm\u00e4nnische Ausbildung macht, mal erz\u00e4hlt. Heute steht er bei den Gro\u00dfeltern und nascht \u00c4pfel von dem B\u00e4umen. Idylle pur.<\/p>\n\n\n\n<p>Hannes Ahlmann, der mit seiner erst neunj\u00e4hrigen Tokyo wie an der Schnur gezogen alle Runden bis zum Finale absolviert hatte, freute sich nach kurzer Entt\u00e4uschung \u00fcber Silber &#8211; und revanchierte sich doppelt: Erst mit einer reichlichen Sektdusche auf dem Podium f\u00fcr die Meisterin und anschlie\u00dfend, als er gemeinsam mit Mylen Kruse mit einem eleganten Wurf Clara Blau in den Wassergraben schwang.<\/p>\n\n\n\n<p>Das komplette Ergebnis <a href=\"https:\/\/results.hippodata.de\/2024\/2419\/docs\/r_final_ch.pdf\">hier<\/a><\/p>\n","protected":false},"excerpt":{"rendered":"<p>Sie konnte es selber am allerwenigsten glauben: Clara Blau war gerade ein Meisterst\u00fcck gelungen. \u00dcber vier Runden blieben die 23-J\u00e4hrige und ihr 13-j\u00e4hriger Sportpartner Paul (v. Sunrise) im Kampf um Gold bei der zweiten Deutschen U25 Meisterschaft in Riesenbeck ohne Fehler. Ohne Abwurf, aber mit 2,5 Punkten aus dem Zeitspringen &hellip; <a class=\"kt-excerpt-readmore\" href=\"https:\/\/www.spring-reiter.de\/index.php\/2024\/07\/20\/ich-habe-gar-nicht-damit-gerechnet-paul-macht-clara-blau-zur-neuen-deutschen-u25-meisterin\/\" aria-label=\"&#8222;Ich habe gar nicht damit gerechnet!&#8220; Paul macht Clara Blau zur neuen Deutschen U25 Meisterin\">Weiterlesen<\/a><\/p>\n","protected":false},"author":2,"featured_media":74092,"comment_status":"closed","ping_status":"open","sticky":false,"template":"","format":"standard","meta":{"footnotes":""},"categories":[1],"tags":[],"class_list":["post-74091","post","type-post","status-publish","format-standard","has-post-thumbnail","hentry","category-allgemein"],"translation":{"provider":"WPGlobus","version":"3.0.2","language":"de","enabled_languages":["de","en"],"languages":{"de":{"title":true,"content":true,"excerpt":false},"en":{"title":false,"content":false,"excerpt":false}}},"_links":{"self":[{"href":"https:\/\/www.spring-reiter.de\/index.php\/wp-json\/wp\/v2\/posts\/74091","targetHints":{"allow":["GET"]}}],"collection":[{"href":"https:\/\/www.spring-reiter.de\/index.php\/wp-json\/wp\/v2\/posts"}],"about":[{"href":"https:\/\/www.spring-reiter.de\/index.php\/wp-json\/wp\/v2\/types\/post"}],"author":[{"embeddable":true,"href":"https:\/\/www.spring-reiter.de\/index.php\/wp-json\/wp\/v2\/users\/2"}],"replies":[{"embeddable":true,"href":"https:\/\/www.spring-reiter.de\/index.php\/wp-json\/wp\/v2\/comments?post=74091"}],"version-history":[{"count":0,"href":"https:\/\/www.spring-reiter.de\/index.php\/wp-json\/wp\/v2\/posts\/74091\/revisions"}],"wp:featuredmedia":[{"embeddable":true,"href":"https:\/\/www.spring-reiter.de\/index.php\/wp-json\/wp\/v2\/media\/74092"}],"wp:attachment":[{"href":"https:\/\/www.spring-reiter.de\/index.php\/wp-json\/wp\/v2\/media?parent=74091"}],"wp:term":[{"taxonomy":"category","embeddable":true,"href":"https:\/\/www.spring-reiter.de\/index.php\/wp-json\/wp\/v2\/categories?post=74091"},{"taxonomy":"post_tag","embeddable":true,"href":"https:\/\/www.spring-reiter.de\/index.php\/wp-json\/wp\/v2\/tags?post=74091"}],"curies":[{"name":"wp","href":"https:\/\/api.w.org\/{rel}","templated":true}]}}